{"id":32427,"date":"2025-03-27T18:49:42","date_gmt":"2025-03-27T18:49:42","guid":{"rendered":"https:\/\/cnctulua.tv\/?p=32427"},"modified":"2025-03-27T18:49:42","modified_gmt":"2025-03-27T18:49:42","slug":"pradera-enfrenta-brote-de-malaria-gobernacion-del-valle-implementa-medidas-para-contener-la-enfermedad","status":"publish","type":"post","link":"https:\/\/cnctulua.tv\/?p=32427","title":{"rendered":"PRADERA ENFRENTA BROTE DE MALARIA: GOBERNACI\u00d3N DEL VALLE IMPLEMENTA MEDIDAS PARA CONTENER LA ENFERMEDAD."},"content":{"rendered":"\n<p>Un brote de malaria ha sido confirmado en el municipio de Pradera, Valle del Cauca, siendo este el primer caso reportado en la zona. La situaci\u00f3n ha generado gran preocupaci\u00f3n debido a que la enfermedad, transmitida por el mosquito Anopheles, puede tener consecuencias graves si no se trata de manera oportuna. Las autoridades de salud locales han identificado que la propagaci\u00f3n de la malaria est\u00e1 asociada con la migraci\u00f3n de personas provenientes de otras regiones, quienes podr\u00edan haber tra\u00eddo el par\u00e1sito Plasmodium falciparum, responsable de la infecci\u00f3n.<\/p>\n\n\n\n<figure class=\"wp-block-embed is-type-video is-provider-youtube wp-block-embed-youtube wp-embed-aspect-16-9 wp-has-aspect-ratio\"><div class=\"wp-block-embed__wrapper\">\n<iframe loading=\"lazy\" title=\"Gobernaci\u00f3n del Valle activa medidas urgentes contra brote de malaria.\" width=\"640\" height=\"360\" src=\"https:\/\/www.youtube.com\/embed\/bGl3okZVago?feature=oembed\" frameborder=\"0\" allow=\"accelerometer; autoplay; clipboard-write; encrypted-media; gyroscope; picture-in-picture; web-share\" referrerpolicy=\"strict-origin-when-cross-origin\" allowfullscreen><\/iframe>\n<\/div><\/figure>\n\n\n\n<p>Ante este brote, la Gobernaci\u00f3n del Valle del Cauca ha activado una serie de medidas preventivas y correctivas para frenar la expansi\u00f3n de la enfermedad. Se llevar\u00e1n a cabo diagn\u00f3sticos en terreno y pruebas r\u00e1pidas en las zonas afectadas para identificar a los pacientes sintom\u00e1ticos y aplicar los tratamientos correspondientes de manera r\u00e1pida y eficiente. Adem\u00e1s, las autoridades se han comprometido a supervisar la correcta administraci\u00f3n de los tratamientos para garantizar la recuperaci\u00f3n de los afectados y evitar nuevos contagios.<\/p>\n\n\n\n<p>La Secretar\u00eda de Salud ha destacado que, para mejorar la efectividad de la intervenci\u00f3n, se han instalado toldillos selectivos en los hogares donde se han registrado casos de malaria, lo que cubrir\u00e1 m\u00e1s del 90% de las \u00e1reas afectadas. Adem\u00e1s, se est\u00e1n utilizando larvicidas y fumigaci\u00f3n para eliminar los criaderos del mosquito Anopheles, con el fin de interrumpir la cadena de transmisi\u00f3n del par\u00e1sito.<\/p>\n\n\n\n<p>Mar\u00eda Cristina Lesmes, secretaria de Salud del Valle, enfatiz\u00f3 que esta intervenci\u00f3n se lleva a cabo con el prop\u00f3sito de erradicar el brote lo m\u00e1s pronto posible y prevenir su propagaci\u00f3n a otras \u00e1reas del municipio. \u00abEl trabajo de intervenci\u00f3n ser\u00e1 integral y abarcar\u00e1 los barrios m\u00e1s afectados, con el fin de eliminar los casos activos y garantizar la salud de la poblaci\u00f3n de Pradera\u00bb, asegur\u00f3.<\/p>\n\n\n\n<p>Los s\u00edntomas de la malaria incluyen fiebre, dolor de cabeza y escalofr\u00edos, y es esencial que las personas que presenten estos signos busquen atenci\u00f3n m\u00e9dica inmediata. La administraci\u00f3n de tratamientos adecuados en las primeras etapas de la enfermedad es fundamental para evitar complicaciones graves e incluso la muerte.<\/p>\n\n\n\n<p>Este brote de malaria pone de manifiesto la necesidad de seguir fortaleciendo las medidas de control en las zonas vulnerables y la importancia de la colaboraci\u00f3n entre las instituciones de salud p\u00fablica y la comunidad para combatir enfermedades transmisibles.<\/p>\n","protected":false},"excerpt":{"rendered":"<p>Un brote de malaria ha sido confirmado en el municipio de Pradera, Valle del Cauca, siendo este el primer caso reportado en la zona. La situaci\u00f3n ha generado gran preocupaci\u00f3n debido a que la enfermedad, transmitida por el mosquito Anopheles, puede tener consecuencias graves si no se trata de manera oportuna. Las autoridades de salud [&hellip;]<\/p>\n","protected":false},"author":3,"featured_media":32428,"comment_status":"open","ping_status":"open","sticky":false,"template":"","format":"video","meta":{"footnotes":""},"categories":[10,1515],"tags":[],"class_list":["post-32427","post","type-post","status-publish","format-video","has-post-thumbnail","hentry","category-cnc-noticias-tulua","category-cnc-tulua","post_format-post-format-video"],"_links":{"self":[{"href":"https:\/\/cnctulua.tv\/index.php?rest_route=\/wp\/v2\/posts\/32427","targetHints":{"allow":["GET"]}}],"collection":[{"href":"https:\/\/cnctulua.tv\/index.php?rest_route=\/wp\/v2\/posts"}],"about":[{"href":"https:\/\/cnctulua.tv\/index.php?rest_route=\/wp\/v2\/types\/post"}],"author":[{"embeddable":true,"href":"https:\/\/cnctulua.tv\/index.php?rest_route=\/wp\/v2\/users\/3"}],"replies":[{"embeddable":true,"href":"https:\/\/cnctulua.tv\/index.php?rest_route=%2Fwp%2Fv2%2Fcomments&post=32427"}],"version-history":[{"count":1,"href":"https:\/\/cnctulua.tv\/index.php?rest_route=\/wp\/v2\/posts\/32427\/revisions"}],"predecessor-version":[{"id":32441,"href":"https:\/\/cnctulua.tv\/index.php?rest_route=\/wp\/v2\/posts\/32427\/revisions\/32441"}],"wp:featuredmedia":[{"embeddable":true,"href":"https:\/\/cnctulua.tv\/index.php?rest_route=\/wp\/v2\/media\/32428"}],"wp:attachment":[{"href":"https:\/\/cnctulua.tv\/index.php?rest_route=%2Fwp%2Fv2%2Fmedia&parent=32427"}],"wp:term":[{"taxonomy":"category","embeddable":true,"href":"https:\/\/cnctulua.tv\/index.php?rest_route=%2Fwp%2Fv2%2Fcategories&post=32427"},{"taxonomy":"post_tag","embeddable":true,"href":"https:\/\/cnctulua.tv\/index.php?rest_route=%2Fwp%2Fv2%2Ftags&post=32427"}],"curies":[{"name":"wp","href":"https:\/\/api.w.org\/{rel}","templated":true}]}}