{"id":32443,"date":"2025-03-28T16:20:20","date_gmt":"2025-03-28T16:20:20","guid":{"rendered":"https:\/\/cnctulua.tv\/?p=32443"},"modified":"2025-03-28T16:20:20","modified_gmt":"2025-03-28T16:20:20","slug":"en-buenaventura-capturan-a-chainy-con-arma-de-fuego-operativo-conjunto-de-policia-y-armada-nacional","status":"publish","type":"post","link":"https:\/\/cnctulua.tv\/?p=32443","title":{"rendered":"EN BUENAVENTURA CAPTURAN A \u00abCHAINY\u00bb CON ARMA DE FUEGO: OPERATIVO CONJUNTO DE POLIC\u00cdA Y ARMADA NACIONAL."},"content":{"rendered":"\n<p>En un operativo conjunto realizado el barrio Kennedy, de Buenaventura, fue capturado alias \u201cChainy\u201d, un individuo con una trayectoria criminal vinculada al tr\u00e1fico de armas y actividades il\u00edcitas en la regi\u00f3n. El sujeto fue detenido en flagrancia, cuando se le encontr\u00f3 en posesi\u00f3n de un arma, junto con su proveedor y varios cartuchos, evidenciando su participaci\u00f3n en el crimen organizado local.<\/p>\n\n\n\n<figure class=\"wp-block-embed is-type-video is-provider-youtube wp-block-embed-youtube wp-embed-aspect-16-9 wp-has-aspect-ratio\"><div class=\"wp-block-embed__wrapper\">\n<iframe loading=\"lazy\" title=\"En Operaci\u00f3n Conjunta: Capturan a alias \u201cChainy\u201d en el puerto de Buenaventura.\" width=\"640\" height=\"360\" src=\"https:\/\/www.youtube.com\/embed\/tWA2wobplWI?feature=oembed\" frameborder=\"0\" allow=\"accelerometer; autoplay; clipboard-write; encrypted-media; gyroscope; picture-in-picture; web-share\" referrerpolicy=\"strict-origin-when-cross-origin\" allowfullscreen><\/iframe>\n<\/div><\/figure>\n\n\n\n<p>La captura de alias \u201cChainy\u201d pone de manifiesto su implicaci\u00f3n en diversas actividades delictivas que afectan la seguridad de la comunidad. Con antecedentes por la posesi\u00f3n de armas de fuego y su v\u00ednculo con estructuras criminales, su detenci\u00f3n es un avance significativo en la lucha contra el crimen en Buenaventura.<\/p>\n\n\n\n<p>El detenido fue llevado ante la Fiscal\u00eda General de la Naci\u00f3n, y tras su audiencia, un juez de la Rep\u00fablica dict\u00f3 medida de aseguramiento intramural, envi\u00e1ndolo a un centro carcelario. Esta acci\u00f3n refuerza los esfuerzos por desmantelar las redes criminales que operan en el municipio.<\/p>\n\n\n\n<p>La captura de alias \u201cChainy\u201d resalta la importancia de seguir combatiendo la delincuencia en Buenaventura, un desaf\u00edo constante para la comunidad que sigue siendo vulnerable a la violencia y el crimen organizado.<\/p>\n\n\n\n<p>En un operativo realizado en el barrio Kennedy, de Buenaventura, fue capturado alias \u00abChainy\u00bb, un sujeto conocido por su vinculaci\u00f3n con actividades criminales en la regi\u00f3n. La detenci\u00f3n se llev\u00f3 a cabo cuando, en flagrancia, las autoridades encontraron en su poder una pistola tipo Prieto Beretta, su proveedor y varios cartuchos, lo que evidenci\u00f3 su participaci\u00f3n en el tr\u00e1fico de armas y otros delitos relacionados con el crimen organizado local.<\/p>\n\n\n\n<p>Alias \u00abChainy\u00bb tiene una trayectoria vinculada a actos il\u00edcitos que han afectado la seguridad de la comunidad en Buenaventura. Con antecedentes por el porte ilegal de armas de fuego, su captura representa un avance en la lucha contra las redes del crimen organizado en la zona.<\/p>\n\n\n\n<p>Una vez detenido, alias \u00abChainy\u00bb fue presentado ante la Fiscal\u00eda General de la Naci\u00f3n, quien llev\u00f3 el caso ante un juez de la Rep\u00fablica. Este dict\u00f3 una medida de aseguramiento intramural, enviando al detenido a un centro carcelario mientras avanza el proceso judicial en su contra.<\/p>\n\n\n\n<p>La detenci\u00f3n de alias \u00abChainy\u00bb refuerza el compromiso de las autoridades en seguir combatiendo la delincuencia en Buenaventura, donde las actividades delictivas contin\u00faan afectando la tranquilidad y la seguridad de los ciudadanos.<\/p>\n","protected":false},"excerpt":{"rendered":"<p>En un operativo conjunto realizado el barrio Kennedy, de Buenaventura, fue capturado alias \u201cChainy\u201d, un individuo con una trayectoria criminal vinculada al tr\u00e1fico de armas y actividades il\u00edcitas en la regi\u00f3n. El sujeto fue detenido en flagrancia, cuando se le encontr\u00f3 en posesi\u00f3n de un arma, junto con su proveedor y varios cartuchos, evidenciando su [&hellip;]<\/p>\n","protected":false},"author":3,"featured_media":32463,"comment_status":"open","ping_status":"open","sticky":false,"template":"","format":"video","meta":{"footnotes":""},"categories":[10,1515],"tags":[],"class_list":["post-32443","post","type-post","status-publish","format-video","has-post-thumbnail","hentry","category-cnc-noticias-tulua","category-cnc-tulua","post_format-post-format-video"],"_links":{"self":[{"href":"https:\/\/cnctulua.tv\/index.php?rest_route=\/wp\/v2\/posts\/32443","targetHints":{"allow":["GET"]}}],"collection":[{"href":"https:\/\/cnctulua.tv\/index.php?rest_route=\/wp\/v2\/posts"}],"about":[{"href":"https:\/\/cnctulua.tv\/index.php?rest_route=\/wp\/v2\/types\/post"}],"author":[{"embeddable":true,"href":"https:\/\/cnctulua.tv\/index.php?rest_route=\/wp\/v2\/users\/3"}],"replies":[{"embeddable":true,"href":"https:\/\/cnctulua.tv\/index.php?rest_route=%2Fwp%2Fv2%2Fcomments&post=32443"}],"version-history":[{"count":1,"href":"https:\/\/cnctulua.tv\/index.php?rest_route=\/wp\/v2\/posts\/32443\/revisions"}],"predecessor-version":[{"id":32472,"href":"https:\/\/cnctulua.tv\/index.php?rest_route=\/wp\/v2\/posts\/32443\/revisions\/32472"}],"wp:featuredmedia":[{"embeddable":true,"href":"https:\/\/cnctulua.tv\/index.php?rest_route=\/wp\/v2\/media\/32463"}],"wp:attachment":[{"href":"https:\/\/cnctulua.tv\/index.php?rest_route=%2Fwp%2Fv2%2Fmedia&parent=32443"}],"wp:term":[{"taxonomy":"category","embeddable":true,"href":"https:\/\/cnctulua.tv\/index.php?rest_route=%2Fwp%2Fv2%2Fcategories&post=32443"},{"taxonomy":"post_tag","embeddable":true,"href":"https:\/\/cnctulua.tv\/index.php?rest_route=%2Fwp%2Fv2%2Ftags&post=32443"}],"curies":[{"name":"wp","href":"https:\/\/api.w.org\/{rel}","templated":true}]}}