{"id":32456,"date":"2025-03-28T18:58:20","date_gmt":"2025-03-28T18:58:20","guid":{"rendered":"https:\/\/cnctulua.tv\/?p=32456"},"modified":"2025-03-28T18:58:20","modified_gmt":"2025-03-28T18:58:20","slug":"lideres-del-pacifico-se-unen-en-buga-para-trazar-una-ruta-de-seguridad-conjunta","status":"publish","type":"post","link":"https:\/\/cnctulua.tv\/?p=32456","title":{"rendered":"L\u00cdDERES DEL PAC\u00cdFICO SE UNEN EN BUGA PARA TRAZAR UNA RUTA DE SEGURIDAD CONJUNTA."},"content":{"rendered":"\n<p>En el municipio de Buga se realiz\u00f3 la primera Cumbre de Seguridad del Pac\u00edfico, un evento clave para la regi\u00f3n que reuni\u00f3 a la gobernadora del Valle del Cauca, Dilian Francisca Toro, los gobernadores de Cauca, Choc\u00f3 y Nari\u00f1o, los ministros de Defensa y del Interior, y los altos mandos de la Fuerza P\u00fablica. La cumbre tuvo como objetivo unificar esfuerzos para combatir la criminalidad y mejorar la seguridad en la regi\u00f3n Pac\u00edfica del pa\u00eds.<\/p>\n\n\n\n<figure class=\"wp-block-embed is-type-video is-provider-youtube wp-block-embed-youtube wp-embed-aspect-16-9 wp-has-aspect-ratio\"><div class=\"wp-block-embed__wrapper\">\n<iframe loading=\"lazy\" title=\"Realizada la Primera Cumbre de Seguridad del Pac\u00edfico en Buga.\" width=\"640\" height=\"360\" src=\"https:\/\/www.youtube.com\/embed\/GxMD4YCDRS4?feature=oembed\" frameborder=\"0\" allow=\"accelerometer; autoplay; clipboard-write; encrypted-media; gyroscope; picture-in-picture; web-share\" referrerpolicy=\"strict-origin-when-cross-origin\" allowfullscreen><\/iframe>\n<\/div><\/figure>\n\n\n\n<p>La gobernadora del Valle del Cauca, Dilian Francisca Toro, destac\u00f3 la importancia de una estrategia de seguridad conjunta para los departamentos del Pac\u00edfico, se\u00f1alando que los problemas de criminalidad, narcotr\u00e1fico y miner\u00eda ilegal no tienen fronteras geogr\u00e1ficas. \u201cEsta Cumbre del Pac\u00edfico y esta alianza por la seguridad la hemos venido intentando hacer desde que entramos a la Gobernaci\u00f3n del Valle. Siempre he dicho que los departamentos del Pac\u00edfico no tenemos ning\u00fan l\u00edmite geogr\u00e1fico para la criminalidad, el narcotr\u00e1fico y la miner\u00eda ilegal. Por eso es tan importante que haya una sola estrategia de seguridad para el Pac\u00edfico, para evitar la fragmentaci\u00f3n y el desplazamiento, y reducir la violencia que vive nuestra regi\u00f3n\u201d, indic\u00f3 Toro al inicio del encuentro.<\/p>\n\n\n\n<figure class=\"wp-block-image size-large\"><img loading=\"lazy\" decoding=\"async\" width=\"1024\" height=\"722\" src=\"https:\/\/cnctulua.tv\/wp-content\/uploads\/2025\/03\/WhatsApp-Image-2025-03-28-at-10.32.46-AM-1-1-1024x722.jpeg\" alt=\"\" class=\"wp-image-32496\" srcset=\"https:\/\/cnctulua.tv\/wp-content\/uploads\/2025\/03\/WhatsApp-Image-2025-03-28-at-10.32.46-AM-1-1-1024x722.jpeg 1024w, https:\/\/cnctulua.tv\/wp-content\/uploads\/2025\/03\/WhatsApp-Image-2025-03-28-at-10.32.46-AM-1-1-300x211.jpeg 300w, https:\/\/cnctulua.tv\/wp-content\/uploads\/2025\/03\/WhatsApp-Image-2025-03-28-at-10.32.46-AM-1-1-768x541.jpeg 768w, https:\/\/cnctulua.tv\/wp-content\/uploads\/2025\/03\/WhatsApp-Image-2025-03-28-at-10.32.46-AM-1-1-1536x1083.jpeg 1536w, https:\/\/cnctulua.tv\/wp-content\/uploads\/2025\/03\/WhatsApp-Image-2025-03-28-at-10.32.46-AM-1-1-2048x1443.jpeg 2048w\" sizes=\"auto, (max-width: 1024px) 100vw, 1024px\" \/><\/figure>\n\n\n\n<p>El general Pedro Arnulfo S\u00e1nchez, ministro de Defensa, tambi\u00e9n subray\u00f3 la importancia de la colaboraci\u00f3n entre las diferentes entidades para recuperar la seguridad en la regi\u00f3n. \u201cEste esfuerzo naci\u00f3 de la iniciativa de la Gobernadora del Valle del Cauca, pero se aline\u00f3 totalmente con la convicci\u00f3n del Ministerio de Defensa para recuperar la seguridad que merece la regi\u00f3n del pa\u00eds. Es claro el mensaje: aunque haya l\u00edmites departamentales, no hay l\u00edmites para combatir el crimen\u201d, expres\u00f3 S\u00e1nchez.<\/p>\n\n\n\n<p>La cumbre se llev\u00f3 a cabo en el Centro de Gesti\u00f3n de Emergencias (CGES), un lugar estrat\u00e9gico para discutir las acciones y pol\u00edticas de seguridad que se implementar\u00e1n en los pr\u00f3ximos meses. Este evento se consolid\u00f3 como un punto de encuentro para los l\u00edderes de la regi\u00f3n, con el fin de trazar una ruta para reducir la violencia y fortalecer la cooperaci\u00f3n interinstitucional, garantizando la paz y el bienestar de las comunidades del Pac\u00edfico colombiano.<\/p>\n","protected":false},"excerpt":{"rendered":"<p>En el municipio de Buga se realiz\u00f3 la primera Cumbre de Seguridad del Pac\u00edfico, un evento clave para la regi\u00f3n que reuni\u00f3 a la gobernadora del Valle del Cauca, Dilian Francisca Toro, los gobernadores de Cauca, Choc\u00f3 y Nari\u00f1o, los ministros de Defensa y del Interior, y los altos mandos de la Fuerza P\u00fablica. La [&hellip;]<\/p>\n","protected":false},"author":3,"featured_media":32495,"comment_status":"open","ping_status":"open","sticky":false,"template":"","format":"video","meta":{"footnotes":""},"categories":[10,1515],"tags":[],"class_list":["post-32456","post","type-post","status-publish","format-video","has-post-thumbnail","hentry","category-cnc-noticias-tulua","category-cnc-tulua","post_format-post-format-video"],"_links":{"self":[{"href":"https:\/\/cnctulua.tv\/index.php?rest_route=\/wp\/v2\/posts\/32456","targetHints":{"allow":["GET"]}}],"collection":[{"href":"https:\/\/cnctulua.tv\/index.php?rest_route=\/wp\/v2\/posts"}],"about":[{"href":"https:\/\/cnctulua.tv\/index.php?rest_route=\/wp\/v2\/types\/post"}],"author":[{"embeddable":true,"href":"https:\/\/cnctulua.tv\/index.php?rest_route=\/wp\/v2\/users\/3"}],"replies":[{"embeddable":true,"href":"https:\/\/cnctulua.tv\/index.php?rest_route=%2Fwp%2Fv2%2Fcomments&post=32456"}],"version-history":[{"count":1,"href":"https:\/\/cnctulua.tv\/index.php?rest_route=\/wp\/v2\/posts\/32456\/revisions"}],"predecessor-version":[{"id":32498,"href":"https:\/\/cnctulua.tv\/index.php?rest_route=\/wp\/v2\/posts\/32456\/revisions\/32498"}],"wp:featuredmedia":[{"embeddable":true,"href":"https:\/\/cnctulua.tv\/index.php?rest_route=\/wp\/v2\/media\/32495"}],"wp:attachment":[{"href":"https:\/\/cnctulua.tv\/index.php?rest_route=%2Fwp%2Fv2%2Fmedia&parent=32456"}],"wp:term":[{"taxonomy":"category","embeddable":true,"href":"https:\/\/cnctulua.tv\/index.php?rest_route=%2Fwp%2Fv2%2Fcategories&post=32456"},{"taxonomy":"post_tag","embeddable":true,"href":"https:\/\/cnctulua.tv\/index.php?rest_route=%2Fwp%2Fv2%2Ftags&post=32456"}],"curies":[{"name":"wp","href":"https:\/\/api.w.org\/{rel}","templated":true}]}}