{"id":32457,"date":"2025-03-28T17:21:58","date_gmt":"2025-03-28T17:21:58","guid":{"rendered":"https:\/\/cnctulua.tv\/?p=32457"},"modified":"2025-03-28T19:22:55","modified_gmt":"2025-03-28T19:22:55","slug":"autoridades-del-valle-del-cauca-reiteran-llamado-a-prevenir-la-tuberculosis-en-el-dia-mundial-de-la-enfermedad","status":"publish","type":"post","link":"https:\/\/cnctulua.tv\/?p=32457","title":{"rendered":"AUTORIDADES DEL VALLE DEL CAUCA REITERAN LLAMADO A PREVENIR LA TUBERCULOSIS EN EL D\u00cdA MUNDIAL DE LA ENFERMEDAD."},"content":{"rendered":"\n<p>En el marco del D\u00eda Mundial de la Tuberculosis, las autoridades de salud del Valle del Cauca han reiterado el llamado a la comunidad para prevenir esta enfermedad altamente transmisible. La secretaria de Salud del departamento, Mar\u00eda Cristina Lesmes, destac\u00f3 la importancia de cumplir con los tratamientos completos para evitar complicaciones y la propagaci\u00f3n del virus.<\/p>\n\n\n\n<figure class=\"wp-block-embed is-type-video is-provider-youtube wp-block-embed-youtube wp-embed-aspect-16-9 wp-has-aspect-ratio\"><div class=\"wp-block-embed__wrapper\">\n<iframe loading=\"lazy\" title=\"El Valle  refuerza la lucha contra la tuberculosis: \u00bfc\u00f3mo prevenirla y qu\u00e9 hacer ante los s\u00edntomas?\" width=\"640\" height=\"360\" src=\"https:\/\/www.youtube.com\/embed\/qEF9hBUWK_E?feature=oembed\" frameborder=\"0\" allow=\"accelerometer; autoplay; clipboard-write; encrypted-media; gyroscope; picture-in-picture; web-share\" referrerpolicy=\"strict-origin-when-cross-origin\" allowfullscreen><\/iframe>\n<\/div><\/figure>\n\n\n\n<p>La tuberculosis se transmite principalmente por v\u00eda respiratoria, de manera similar al COVID-19, a trav\u00e9s de la tos o al hablar. Lesmes indic\u00f3 que cualquier persona en el Valle del Cauca que padezca una tos persistente de m\u00e1s de 15 d\u00edas, especialmente si produce dolor o desgarro, debe consultar a un m\u00e9dico de inmediato, ya que podr\u00eda ser un s\u00edntoma de tuberculosis. \u201cEs una enfermedad que produce fiebre y una tos productiva, cualquier persona en el departamento del Valle del Cauca que tenga una tos que produzca desgarro de m\u00e1s de 15 d\u00edas debe consultar al m\u00e9dico porque puede ser una tuberculosis\u201d, puntualiz\u00f3.<\/p>\n\n\n\n<p>Uno de los mayores retos en el manejo de esta enfermedad es asegurar la adherencia al tratamiento, que suele ser largo y demandante. Seg\u00fan la secretaria, la interrupci\u00f3n del tratamiento puede generar resistencia a los medicamentos, lo que hace m\u00e1s dif\u00edcil tratar la enfermedad. \u201cEs una enfermedad que tiene un tratamiento largo, aburridor, pero necesario, y tenemos una dificultad adicional con personas que abandonan el tratamiento y se hacen f\u00e1rmaco resistentes, es decir, los medicamentos que us\u00e1bamos ya no sirven porque se interrumpi\u00f3 el tratamiento\u201d, alert\u00f3 Lesmes. La prevenci\u00f3n y el cumplimiento de los tratamientos son esenciales para controlar la tuberculosis y evitar que siga afectando a la comunidad.<\/p>\n","protected":false},"excerpt":{"rendered":"<p>En el marco del D\u00eda Mundial de la Tuberculosis, las autoridades de salud del Valle del Cauca han reiterado el llamado a la comunidad para prevenir esta enfermedad altamente transmisible. La secretaria de Salud del departamento, Mar\u00eda Cristina Lesmes, destac\u00f3 la importancia de cumplir con los tratamientos completos para evitar complicaciones y la propagaci\u00f3n del [&hellip;]<\/p>\n","protected":false},"author":3,"featured_media":32505,"comment_status":"open","ping_status":"open","sticky":false,"template":"","format":"video","meta":{"footnotes":""},"categories":[10,1515],"tags":[],"class_list":["post-32457","post","type-post","status-publish","format-video","has-post-thumbnail","hentry","category-cnc-noticias-tulua","category-cnc-tulua","post_format-post-format-video"],"_links":{"self":[{"href":"https:\/\/cnctulua.tv\/index.php?rest_route=\/wp\/v2\/posts\/32457","targetHints":{"allow":["GET"]}}],"collection":[{"href":"https:\/\/cnctulua.tv\/index.php?rest_route=\/wp\/v2\/posts"}],"about":[{"href":"https:\/\/cnctulua.tv\/index.php?rest_route=\/wp\/v2\/types\/post"}],"author":[{"embeddable":true,"href":"https:\/\/cnctulua.tv\/index.php?rest_route=\/wp\/v2\/users\/3"}],"replies":[{"embeddable":true,"href":"https:\/\/cnctulua.tv\/index.php?rest_route=%2Fwp%2Fv2%2Fcomments&post=32457"}],"version-history":[{"count":1,"href":"https:\/\/cnctulua.tv\/index.php?rest_route=\/wp\/v2\/posts\/32457\/revisions"}],"predecessor-version":[{"id":32480,"href":"https:\/\/cnctulua.tv\/index.php?rest_route=\/wp\/v2\/posts\/32457\/revisions\/32480"}],"wp:featuredmedia":[{"embeddable":true,"href":"https:\/\/cnctulua.tv\/index.php?rest_route=\/wp\/v2\/media\/32505"}],"wp:attachment":[{"href":"https:\/\/cnctulua.tv\/index.php?rest_route=%2Fwp%2Fv2%2Fmedia&parent=32457"}],"wp:term":[{"taxonomy":"category","embeddable":true,"href":"https:\/\/cnctulua.tv\/index.php?rest_route=%2Fwp%2Fv2%2Fcategories&post=32457"},{"taxonomy":"post_tag","embeddable":true,"href":"https:\/\/cnctulua.tv\/index.php?rest_route=%2Fwp%2Fv2%2Ftags&post=32457"}],"curies":[{"name":"wp","href":"https:\/\/api.w.org\/{rel}","templated":true}]}}