{"id":32522,"date":"2025-03-31T17:39:36","date_gmt":"2025-03-31T17:39:36","guid":{"rendered":"https:\/\/cnctulua.tv\/?p=32522"},"modified":"2025-03-31T17:39:41","modified_gmt":"2025-03-31T17:39:41","slug":"la-central-de-transportes-de-tulua-celebra-50-anos-de-historia-como-un-pilar-fundamental-para-el-desarrollo-de-la-ciudad-y-la-region","status":"publish","type":"post","link":"https:\/\/cnctulua.tv\/?p=32522","title":{"rendered":"LA CENTRAL DE TRANSPORTES DE TULU\u00c1 CELEBRA 50 A\u00d1OS DE HISTORIA: COMO UN PILAR FUNDAMENTAL PARA EL DESARROLLO DE LA CIUDAD Y LA REGI\u00d3N."},"content":{"rendered":"\n<p>La Central de Transportes de Tulu\u00e1 celebr\u00f3 con gran entusiasmo sus 50 a\u00f1os de funcionamiento, un aniversario que no solo destaca su historia, sino tambi\u00e9n su constante evoluci\u00f3n y el impacto que ha tenido en la comunidad. Esta terminal, que ha sido un pilar fundamental en la conexi\u00f3n del Valle del Cauca con el resto del pa\u00eds y otros destinos internacionales, ha sabido adaptarse a los cambios del transporte, ofreciendo a los usuarios una infraestructura moderna y servicios de calidad.<\/p>\n\n\n\n<figure class=\"wp-block-embed is-type-video is-provider-youtube wp-block-embed-youtube wp-embed-aspect-16-9 wp-has-aspect-ratio\"><div class=\"wp-block-embed__wrapper\">\n<iframe loading=\"lazy\" title=\"La Central de Transportes Tulu\u00e1 cumple medio siglo de historia y modernizaci\u00f3n.\" width=\"640\" height=\"360\" src=\"https:\/\/www.youtube.com\/embed\/xqJdYgMA4Pc?feature=oembed\" frameborder=\"0\" allow=\"accelerometer; autoplay; clipboard-write; encrypted-media; gyroscope; picture-in-picture; web-share\" referrerpolicy=\"strict-origin-when-cross-origin\" allowfullscreen><\/iframe>\n<\/div><\/figure>\n\n\n\n<p>Libia Fernanda Pasm\u00edn, gerente de la Central de Transportes de Tulu\u00e1, expres\u00f3 el orgullo por celebrar este medio siglo de historia junto a los trabajadores, usuarios, taxistas, empresas de transporte y medios de comunicaci\u00f3n, resaltando que todos son parte importante de la terminal. \u201cQuer\u00edamos compartir estos 50 a\u00f1os con ustedes, porque ustedes son una parte fundamental de nuestra historia\u201d, coment\u00f3 Pasm\u00edn, destacando el esfuerzo conjunto que ha permitido que la terminal se mantenga operativa y relevante durante tanto tiempo.<\/p>\n\n\n\n<figure class=\"wp-block-image size-full\"><img loading=\"lazy\" decoding=\"async\" width=\"996\" height=\"634\" src=\"https:\/\/cnctulua.tv\/wp-content\/uploads\/2025\/03\/TERMINAL-DE-TRA-1.png\" alt=\"\" class=\"wp-image-32580\" srcset=\"https:\/\/cnctulua.tv\/wp-content\/uploads\/2025\/03\/TERMINAL-DE-TRA-1.png 996w, https:\/\/cnctulua.tv\/wp-content\/uploads\/2025\/03\/TERMINAL-DE-TRA-1-300x191.png 300w, https:\/\/cnctulua.tv\/wp-content\/uploads\/2025\/03\/TERMINAL-DE-TRA-1-768x489.png 768w\" sizes=\"auto, (max-width: 996px) 100vw, 996px\" \/><\/figure>\n\n\n\n<p>Durante las celebraciones, se dio especial \u00e9nfasis a la participaci\u00f3n de todos los actores involucrados, incluyendo los empleados y los funcionarios de la terminal, quienes, seg\u00fan Pasm\u00edn, nunca antes hab\u00edan sido incluidos en las celebraciones de aniversario. \u201cEllos son parte de esta estructura y tambi\u00e9n se merecen ser reconocidos\u201d, subray\u00f3 la gerente, haciendo hincapi\u00e9 en la importancia de todos los que contribuyen al funcionamiento diario de la terminal.<\/p>\n\n\n\n<p>La conmemoraci\u00f3n no solo fue un evento de reflexi\u00f3n sobre el pasado, sino tambi\u00e9n una mirada hacia el futuro. La terminal ha experimentado una transformaci\u00f3n notable desde sus primeros d\u00edas. Con la inauguraci\u00f3n de nuevas instalaciones en 2019, la Central de Transportes de Tulu\u00e1 ahora cuenta con la capacidad de recibir m\u00e1s rutas, incluyendo conexiones a ciudades como Bogot\u00e1 y Medell\u00edn, algo que antes no era posible. Esta renovaci\u00f3n ha permitido una mayor conectividad y mejores condiciones para los pasajeros.<\/p>\n\n\n\n<p>Adem\u00e1s de los avances en infraestructura, la Central de Transportes de Tulu\u00e1 ha incorporado tecnolog\u00edas sostenibles, como los paneles solares instalados desde finales de 2024, los cuales cubren el 70% de las necesidades energ\u00e9ticas del terminal. Pasm\u00edn adelant\u00f3 que, en los pr\u00f3ximos meses, la terminal alcanzar\u00e1 el 100% de su eficiencia energ\u00e9tica a trav\u00e9s de esta tecnolog\u00eda. \u201cEste 2025 ser\u00e1 un a\u00f1o lleno de sorpresas para nuestros usuarios\u201d, afirm\u00f3 la gerente, anunciando que la terminal est\u00e1 comprometida con la innovaci\u00f3n y la sostenibilidad.<\/p>\n\n\n\n<p>Otro aspecto importante que se destac\u00f3 en la celebraci\u00f3n fue el compromiso social de la terminal. Pasm\u00edn record\u00f3 que, adem\u00e1s de su funci\u00f3n de transporte, la Central de Transportes de Tulu\u00e1 tiene un fuerte enfoque en el bienestar de la comunidad. En colaboraci\u00f3n con la administraci\u00f3n municipal, la terminal ha impulsado proyectos que buscan mejorar la calidad de vida de los tulue\u00f1os, especialmente de aquellos que han sufrido a causa del conflicto armado. \u201cNuestra misi\u00f3n es brindar bienestar y seguridad, no solo transporte\u201d, se\u00f1al\u00f3 la gerente.<\/p>\n\n\n\n<p>A lo largo del mes de marzo, la Central de Transportes de Tulu\u00e1 ha realizado una serie de eventos para conmemorar estos 50 a\u00f1os, incluyendo actividades culturales y reinados, los cuales han involucrado a toda la comunidad. La pr\u00f3xima semana, se llevar\u00e1 a cabo un evento con la participaci\u00f3n de socios, concejales y representantes del Ministerio de Transporte, quienes se unir\u00e1n a la celebraci\u00f3n de este importante aniversario.<\/p>\n\n\n\n<p>Con una mirada puesta en el futuro, la Central de Transportes de Tulu\u00e1 sigue comprometida con su misi\u00f3n de ser un referente en la regi\u00f3n, ofreciendo un servicio eficiente, seguro y moderno para todos sus usuarios. Los 50 a\u00f1os de la terminal son solo el comienzo de una nueva etapa de crecimiento y transformaci\u00f3n para la comunidad de Tulu\u00e1 y sus alrededores.<\/p>\n","protected":false},"excerpt":{"rendered":"<p>La Central de Transportes de Tulu\u00e1 celebr\u00f3 con gran entusiasmo sus 50 a\u00f1os de funcionamiento, un aniversario que no solo destaca su historia, sino tambi\u00e9n su constante evoluci\u00f3n y el impacto que ha tenido en la comunidad. Esta terminal, que ha sido un pilar fundamental en la conexi\u00f3n del Valle del Cauca con el resto [&hellip;]<\/p>\n","protected":false},"author":3,"featured_media":32574,"comment_status":"open","ping_status":"open","sticky":false,"template":"","format":"video","meta":{"footnotes":""},"categories":[10,1515],"tags":[],"class_list":["post-32522","post","type-post","status-publish","format-video","has-post-thumbnail","hentry","category-cnc-noticias-tulua","category-cnc-tulua","post_format-post-format-video"],"_links":{"self":[{"href":"https:\/\/cnctulua.tv\/index.php?rest_route=\/wp\/v2\/posts\/32522","targetHints":{"allow":["GET"]}}],"collection":[{"href":"https:\/\/cnctulua.tv\/index.php?rest_route=\/wp\/v2\/posts"}],"about":[{"href":"https:\/\/cnctulua.tv\/index.php?rest_route=\/wp\/v2\/types\/post"}],"author":[{"embeddable":true,"href":"https:\/\/cnctulua.tv\/index.php?rest_route=\/wp\/v2\/users\/3"}],"replies":[{"embeddable":true,"href":"https:\/\/cnctulua.tv\/index.php?rest_route=%2Fwp%2Fv2%2Fcomments&post=32522"}],"version-history":[{"count":2,"href":"https:\/\/cnctulua.tv\/index.php?rest_route=\/wp\/v2\/posts\/32522\/revisions"}],"predecessor-version":[{"id":32587,"href":"https:\/\/cnctulua.tv\/index.php?rest_route=\/wp\/v2\/posts\/32522\/revisions\/32587"}],"wp:featuredmedia":[{"embeddable":true,"href":"https:\/\/cnctulua.tv\/index.php?rest_route=\/wp\/v2\/media\/32574"}],"wp:attachment":[{"href":"https:\/\/cnctulua.tv\/index.php?rest_route=%2Fwp%2Fv2%2Fmedia&parent=32522"}],"wp:term":[{"taxonomy":"category","embeddable":true,"href":"https:\/\/cnctulua.tv\/index.php?rest_route=%2Fwp%2Fv2%2Fcategories&post=32522"},{"taxonomy":"post_tag","embeddable":true,"href":"https:\/\/cnctulua.tv\/index.php?rest_route=%2Fwp%2Fv2%2Ftags&post=32522"}],"curies":[{"name":"wp","href":"https:\/\/api.w.org\/{rel}","templated":true}]}}