{"id":32523,"date":"2025-03-31T18:08:47","date_gmt":"2025-03-31T18:08:47","guid":{"rendered":"https:\/\/cnctulua.tv\/?p=32523"},"modified":"2025-03-31T18:09:35","modified_gmt":"2025-03-31T18:09:35","slug":"usuarios-de-la-central-de-transportes-de-tulua-opinan-sobre-los-50-anos-de-la-terminal","status":"publish","type":"post","link":"https:\/\/cnctulua.tv\/?p=32523","title":{"rendered":"USUARIOS DE LA CENTRAL DE TRANSPORTES DE TULU\u00c1 OPINAN SOBRE LOS 50 A\u00d1OS DE LA TERMINAL."},"content":{"rendered":"\n<p>En medio de la celebraci\u00f3n de los 50 a\u00f1os de la Central de Transportes de Tulu\u00e1, varios usuarios compartieron sus opiniones sobre la evoluci\u00f3n de la terminal y expresaron sugerencias para mejorar la experiencia de quienes la utilizan. Aunque la infraestructura de la terminal fue elogiada por su modernidad y su capacidad de conectar Tulu\u00e1 con diversas ciudades del pa\u00eds, algunos pasajeros se\u00f1alaron \u00e1reas de oportunidad.<\/p>\n\n\n\n<figure class=\"wp-block-embed is-type-video is-provider-youtube wp-block-embed-youtube wp-embed-aspect-16-9 wp-has-aspect-ratio\"><div class=\"wp-block-embed__wrapper\">\n<iframe loading=\"lazy\" title=\"Celebraci\u00f3n de 50 A\u00f1os: \u00bfQu\u00e9 Opinan los Usuarios de la Terminal de Tulu\u00e1?\" width=\"640\" height=\"360\" src=\"https:\/\/www.youtube.com\/embed\/CpzPnHcY6ag?feature=oembed\" frameborder=\"0\" allow=\"accelerometer; autoplay; clipboard-write; encrypted-media; gyroscope; picture-in-picture; web-share\" referrerpolicy=\"strict-origin-when-cross-origin\" allowfullscreen><\/iframe>\n<\/div><\/figure>\n\n\n\n<p>Hern\u00e1n Vargas, un usuario habitual de la terminal y residente de La Uni\u00f3n, Valle, coment\u00f3 sobre los avances logrados, pero tambi\u00e9n destac\u00f3 aspectos que a\u00fan se pueden mejorar. \u201cLa terminal es un buen lugar, pero lo que le faltaba a Tulu\u00e1 era una terminal en la entrada de la ciudad, donde fuera f\u00e1cil acceder para abordar los buses hacia diferentes destinos\u201d, expres\u00f3 Vargas, quien subray\u00f3 la importancia de la accesibilidad como una mejora clave para la terminal.<\/p>\n\n\n\n<p>Respecto a posibles cambios, Vargas sugiri\u00f3 algunos ajustes en el proceso de embarque y desembarque. \u201cSer\u00eda ideal que el desembarque y el abordaje de los pasajeros se hicieran en el exterior de la terminal y no dentro, para evitar el doble recorrido para comprar el tiquete. Adem\u00e1s, ser\u00eda necesario instalar un techo en las zonas de abordo, ya que los pasajeros deben salir y volver a entrar para hacer el tr\u00e1mite de compra del tiquete, lo que resulta inc\u00f3modo, especialmente en d\u00edas de lluvia\u201d, se\u00f1al\u00f3 el usuario.<\/p>\n\n\n\n<p>A pesar de los comentarios positivos sobre el servicio, las sugerencias de los usuarios como Hern\u00e1n Vargas muestran \u00e1reas que a\u00fan pueden mejorar. La Central de Transportes de Tulu\u00e1, que celebr\u00f3 su medio siglo de historia, contin\u00faa comprometida con su evoluci\u00f3n y con la atenci\u00f3n a las necesidades de la comunidad. Estos comentarios destacan la importancia de seguir trabajando en una terminal que no solo sea moderna y eficiente, sino tambi\u00e9n c\u00f3moda y accesible para todos los pasajeros.<\/p>\n","protected":false},"excerpt":{"rendered":"<p>En medio de la celebraci\u00f3n de los 50 a\u00f1os de la Central de Transportes de Tulu\u00e1, varios usuarios compartieron sus opiniones sobre la evoluci\u00f3n de la terminal y expresaron sugerencias para mejorar la experiencia de quienes la utilizan. Aunque la infraestructura de la terminal fue elogiada por su modernidad y su capacidad de conectar Tulu\u00e1 [&hellip;]<\/p>\n","protected":false},"author":3,"featured_media":32591,"comment_status":"open","ping_status":"open","sticky":false,"template":"","format":"video","meta":{"footnotes":""},"categories":[10,1515],"tags":[],"class_list":["post-32523","post","type-post","status-publish","format-video","has-post-thumbnail","hentry","category-cnc-noticias-tulua","category-cnc-tulua","post_format-post-format-video"],"_links":{"self":[{"href":"https:\/\/cnctulua.tv\/index.php?rest_route=\/wp\/v2\/posts\/32523","targetHints":{"allow":["GET"]}}],"collection":[{"href":"https:\/\/cnctulua.tv\/index.php?rest_route=\/wp\/v2\/posts"}],"about":[{"href":"https:\/\/cnctulua.tv\/index.php?rest_route=\/wp\/v2\/types\/post"}],"author":[{"embeddable":true,"href":"https:\/\/cnctulua.tv\/index.php?rest_route=\/wp\/v2\/users\/3"}],"replies":[{"embeddable":true,"href":"https:\/\/cnctulua.tv\/index.php?rest_route=%2Fwp%2Fv2%2Fcomments&post=32523"}],"version-history":[{"count":1,"href":"https:\/\/cnctulua.tv\/index.php?rest_route=\/wp\/v2\/posts\/32523\/revisions"}],"predecessor-version":[{"id":32590,"href":"https:\/\/cnctulua.tv\/index.php?rest_route=\/wp\/v2\/posts\/32523\/revisions\/32590"}],"wp:featuredmedia":[{"embeddable":true,"href":"https:\/\/cnctulua.tv\/index.php?rest_route=\/wp\/v2\/media\/32591"}],"wp:attachment":[{"href":"https:\/\/cnctulua.tv\/index.php?rest_route=%2Fwp%2Fv2%2Fmedia&parent=32523"}],"wp:term":[{"taxonomy":"category","embeddable":true,"href":"https:\/\/cnctulua.tv\/index.php?rest_route=%2Fwp%2Fv2%2Fcategories&post=32523"},{"taxonomy":"post_tag","embeddable":true,"href":"https:\/\/cnctulua.tv\/index.php?rest_route=%2Fwp%2Fv2%2Ftags&post=32523"}],"curies":[{"name":"wp","href":"https:\/\/api.w.org\/{rel}","templated":true}]}}