{"id":32532,"date":"2025-03-31T17:20:46","date_gmt":"2025-03-31T17:20:46","guid":{"rendered":"https:\/\/cnctulua.tv\/?p=32532"},"modified":"2025-03-31T17:20:46","modified_gmt":"2025-03-31T17:20:46","slug":"un-hito-en-tulua-50-anos-de-la-terminal-de-transportes-que-transformo-la-ciudad","status":"publish","type":"post","link":"https:\/\/cnctulua.tv\/?p=32532","title":{"rendered":"\u00a1UN HITO EN TULU\u00c1! 50 A\u00d1OS DE LA TERMINAL DE TRANSPORTES QUE TRANSFORM\u00d3 LA CIUDAD."},"content":{"rendered":"\n<p>La historia de la Terminal de Transportes de Tulu\u00e1 comenz\u00f3 hace 50 a\u00f1os, en un momento clave para la ciudad. Conocida como la Villa de C\u00e9spedes y tradicionalmente agr\u00edcola, Tulu\u00e1 atravesaba un proceso de expansi\u00f3n y modernizaci\u00f3n, buscando integrarse m\u00e1s a los flujos comerciales y de transporte del pa\u00eds. La terminal no solo se concibi\u00f3 como un centro de transporte, sino como un motor de desarrollo que impulsar\u00eda el progreso de la ciudad y la regi\u00f3n.<\/p>\n\n\n\n<figure class=\"wp-block-embed is-type-video is-provider-youtube wp-block-embed-youtube wp-embed-aspect-16-9 wp-has-aspect-ratio\"><div class=\"wp-block-embed__wrapper\">\n<iframe loading=\"lazy\" title=\"La Terminal de Transportes de Tulu\u00e1: 50 a\u00f1os de historia y conexi\u00f3n.\" width=\"640\" height=\"360\" src=\"https:\/\/www.youtube.com\/embed\/iAObiqKyn_0?feature=oembed\" frameborder=\"0\" allow=\"accelerometer; autoplay; clipboard-write; encrypted-media; gyroscope; picture-in-picture; web-share\" referrerpolicy=\"strict-origin-when-cross-origin\" allowfullscreen><\/iframe>\n<\/div><\/figure>\n\n\n\n<p>En las d\u00e9cadas de los 70 y 80, Tulu\u00e1 se consolidaba como un punto estrat\u00e9gico en el Valle del Cauca, clave para el comercio y la conexi\u00f3n entre el norte y el sur del pa\u00eds. Sin embargo, la infraestructura de transporte en la ciudad no se correspond\u00eda con el crecimiento que experimentaba. Fue entonces cuando surgi\u00f3 la necesidad de una terminal que uniera a la ciudad con otras regiones, permitiendo que Tulu\u00e1 no solo fuera un paso, sino un centro de conexi\u00f3n y progreso.<\/p>\n\n\n\n<figure class=\"wp-block-image size-large\"><img loading=\"lazy\" decoding=\"async\" width=\"1024\" height=\"444\" src=\"https:\/\/cnctulua.tv\/wp-content\/uploads\/2025\/03\/Captura-de-pantalla-2024-06-03-a-las-7.21.14\u202fp.-m-2-1024x444.png\" alt=\"\" class=\"wp-image-32583\" srcset=\"https:\/\/cnctulua.tv\/wp-content\/uploads\/2025\/03\/Captura-de-pantalla-2024-06-03-a-las-7.21.14\u202fp.-m-2-1024x444.png 1024w, https:\/\/cnctulua.tv\/wp-content\/uploads\/2025\/03\/Captura-de-pantalla-2024-06-03-a-las-7.21.14\u202fp.-m-2-300x130.png 300w, https:\/\/cnctulua.tv\/wp-content\/uploads\/2025\/03\/Captura-de-pantalla-2024-06-03-a-las-7.21.14\u202fp.-m-2-768x333.png 768w, https:\/\/cnctulua.tv\/wp-content\/uploads\/2025\/03\/Captura-de-pantalla-2024-06-03-a-las-7.21.14\u202fp.-m-2-1536x666.png 1536w, https:\/\/cnctulua.tv\/wp-content\/uploads\/2025\/03\/Captura-de-pantalla-2024-06-03-a-las-7.21.14\u202fp.-m-2.png 1678w\" sizes=\"auto, (max-width: 1024px) 100vw, 1024px\" \/><\/figure>\n\n\n\n<p>En 1985, tras a\u00f1os de planificaci\u00f3n y esfuerzos conjuntos entre las autoridades locales, empresarios y la comunidad, se materializ\u00f3 la creaci\u00f3n de la Central de Transportes de Tulu\u00e1 S.A. Este proyecto fue una respuesta a una pol\u00edtica nacional de modernizaci\u00f3n del transporte, impulsada por el Ministerio de Desarrollo Econ\u00f3mico, que promov\u00eda la construcci\u00f3n de terminales intermodales en todo el pa\u00eds.<\/p>\n\n\n\n<p>La inauguraci\u00f3n de la terminal signific\u00f3 un cambio significativo para la ciudad, mejorando la infraestructura y convirti\u00e9ndose en un s\u00edmbolo del avance de Tulu\u00e1. Empresas de transporte de renombre comenzaron a operar all\u00ed, brindando a los tulue\u00f1os una mejor conexi\u00f3n con el resto del pa\u00eds. Con el tiempo, tambi\u00e9n permiti\u00f3 el crecimiento de empresas locales, que se convirtieron en actores fundamentales del transporte intermunicipal.<\/p>\n\n\n\n<p>Para Tulu\u00e1, la terminal signific\u00f3 mucho m\u00e1s que un simple espacio de paso. Se transform\u00f3 en un punto de uni\u00f3n para los habitantes del municipio y sus alrededores, adem\u00e1s de ser un motor de desarrollo econ\u00f3mico y social. Al ser el punto de partida hacia otras ciudades y regiones, facilit\u00f3 el acceso de los tulue\u00f1os a nuevas oportunidades en el \u00e1mbito laboral, educativo y comercial, a la vez que contribuy\u00f3 a hacer de la ciudad un referente a nivel nacional, consolid\u00e1ndola como un eje importante en la red de transporte terrestre del pa\u00eds.<\/p>\n\n\n\n<p>Hoy, al celebrar sus 50 a\u00f1os de existencia, la Terminal de Transportes de Tulu\u00e1 sigue siendo un s\u00edmbolo del desarrollo de la ciudad. A lo largo de las d\u00e9cadas, ha evolucionado para adaptarse a las nuevas necesidades de los viajeros y al crecimiento urbano, pero siempre ha mantenido su esencia como un espacio de conexi\u00f3n y progreso para la comunidad.<\/p>\n\n\n\n<p>Nacida con el sue\u00f1o de unir Tulu\u00e1 con el resto de Colombia, la terminal se ha consolidado como un pilar fundamental para la ciudad. En estos 50 a\u00f1os, ha sido testigo de su crecimiento y transformaci\u00f3n, y contin\u00faa siendo un motor que impulsa el desarrollo de Tulu\u00e1, manteniendo su lugar como uno de los centros m\u00e1s importantes de transporte en el Valle del Cauca.<\/p>\n","protected":false},"excerpt":{"rendered":"<p>La historia de la Terminal de Transportes de Tulu\u00e1 comenz\u00f3 hace 50 a\u00f1os, en un momento clave para la ciudad. Conocida como la Villa de C\u00e9spedes y tradicionalmente agr\u00edcola, Tulu\u00e1 atravesaba un proceso de expansi\u00f3n y modernizaci\u00f3n, buscando integrarse m\u00e1s a los flujos comerciales y de transporte del pa\u00eds. La terminal no solo se concibi\u00f3 [&hellip;]<\/p>\n","protected":false},"author":3,"featured_media":32581,"comment_status":"open","ping_status":"open","sticky":false,"template":"","format":"video","meta":{"footnotes":""},"categories":[10,1515],"tags":[],"class_list":["post-32532","post","type-post","status-publish","format-video","has-post-thumbnail","hentry","category-cnc-noticias-tulua","category-cnc-tulua","post_format-post-format-video"],"_links":{"self":[{"href":"https:\/\/cnctulua.tv\/index.php?rest_route=\/wp\/v2\/posts\/32532","targetHints":{"allow":["GET"]}}],"collection":[{"href":"https:\/\/cnctulua.tv\/index.php?rest_route=\/wp\/v2\/posts"}],"about":[{"href":"https:\/\/cnctulua.tv\/index.php?rest_route=\/wp\/v2\/types\/post"}],"author":[{"embeddable":true,"href":"https:\/\/cnctulua.tv\/index.php?rest_route=\/wp\/v2\/users\/3"}],"replies":[{"embeddable":true,"href":"https:\/\/cnctulua.tv\/index.php?rest_route=%2Fwp%2Fv2%2Fcomments&post=32532"}],"version-history":[{"count":1,"href":"https:\/\/cnctulua.tv\/index.php?rest_route=\/wp\/v2\/posts\/32532\/revisions"}],"predecessor-version":[{"id":32585,"href":"https:\/\/cnctulua.tv\/index.php?rest_route=\/wp\/v2\/posts\/32532\/revisions\/32585"}],"wp:featuredmedia":[{"embeddable":true,"href":"https:\/\/cnctulua.tv\/index.php?rest_route=\/wp\/v2\/media\/32581"}],"wp:attachment":[{"href":"https:\/\/cnctulua.tv\/index.php?rest_route=%2Fwp%2Fv2%2Fmedia&parent=32532"}],"wp:term":[{"taxonomy":"category","embeddable":true,"href":"https:\/\/cnctulua.tv\/index.php?rest_route=%2Fwp%2Fv2%2Fcategories&post=32532"},{"taxonomy":"post_tag","embeddable":true,"href":"https:\/\/cnctulua.tv\/index.php?rest_route=%2Fwp%2Fv2%2Ftags&post=32532"}],"curies":[{"name":"wp","href":"https:\/\/api.w.org\/{rel}","templated":true}]}}