{"id":32549,"date":"2025-03-31T16:19:37","date_gmt":"2025-03-31T16:19:37","guid":{"rendered":"https:\/\/cnctulua.tv\/?p=32549"},"modified":"2025-03-31T16:19:37","modified_gmt":"2025-03-31T16:19:37","slug":"desarticulada-red-criminal-internacional-capturan-a-cinco-ciudadanos-requeridos-por-homicidios-narcotrafico-y-estafa","status":"publish","type":"post","link":"https:\/\/cnctulua.tv\/?p=32549","title":{"rendered":"DESARTICULADA RED CRIMINAL INTERNACIONAL: CAPTURAN A CINCO CIUDADANOS REQUERIDOS POR HOMICIDIOS, NARCOTR\u00c1FICO Y ESTAFA."},"content":{"rendered":"\n<p>La Polic\u00eda Metropolitana de Santiago de Cali, en colaboraci\u00f3n con agencias de seguridad internacionales, ha dado un importante paso en la lucha contra el crimen organizado con la captura de cinco individuos solicitados por las autoridades de Argentina, Chile, Ecuador e Italia. Las detenciones fueron realizadas en diferentes puntos del municipio y la ciudad de Cali, y los detenidos enfrentan cargos por homicidio, narcotr\u00e1fico y estafa.<\/p>\n\n\n\n<figure class=\"wp-block-embed is-type-video is-provider-youtube wp-block-embed-youtube wp-embed-aspect-16-9 wp-has-aspect-ratio\"><div class=\"wp-block-embed__wrapper\">\n<iframe loading=\"lazy\" title=\"Cinco Capturados en Cali y Yumbo requeridas por delitos internacionales.\" width=\"640\" height=\"360\" src=\"https:\/\/www.youtube.com\/embed\/dFeBOPZBY9A?feature=oembed\" frameborder=\"0\" allow=\"accelerometer; autoplay; clipboard-write; encrypted-media; gyroscope; picture-in-picture; web-share\" referrerpolicy=\"strict-origin-when-cross-origin\" allowfullscreen><\/iframe>\n<\/div><\/figure>\n\n\n\n<p>El Brigadier General Carlos Germ\u00e1n Oviedo Lamprea, comandante de la Polic\u00eda Metropolitana, destac\u00f3 la efectividad de la operaci\u00f3n al se\u00f1alar que \u201cestas capturas se lograron gracias a la cooperaci\u00f3n entre las fuerzas policiales locales y las agencias internacionales\u201d. Asimismo, recalc\u00f3 que este trabajo conjunto refleja un avance significativo en la lucha contra la delincuencia transnacional.<\/p>\n\n\n\n<p><\/p>\n\n\n\n<figure class=\"wp-block-image size-large\"><img loading=\"lazy\" decoding=\"async\" width=\"1024\" height=\"861\" src=\"https:\/\/cnctulua.tv\/wp-content\/uploads\/2025\/03\/EXTRA-3-1024x861.jpeg\" alt=\"\" class=\"wp-image-32555\" srcset=\"https:\/\/cnctulua.tv\/wp-content\/uploads\/2025\/03\/EXTRA-3-1024x861.jpeg 1024w, https:\/\/cnctulua.tv\/wp-content\/uploads\/2025\/03\/EXTRA-3-300x252.jpeg 300w, https:\/\/cnctulua.tv\/wp-content\/uploads\/2025\/03\/EXTRA-3-768x645.jpeg 768w, https:\/\/cnctulua.tv\/wp-content\/uploads\/2025\/03\/EXTRA-3-1536x1291.jpeg 1536w, https:\/\/cnctulua.tv\/wp-content\/uploads\/2025\/03\/EXTRA-3-2048x1721.jpeg 2048w\" sizes=\"auto, (max-width: 1024px) 100vw, 1024px\" \/><\/figure>\n\n\n\n<p>De los detenidos, un chileno es requerido por la justicia de su pa\u00eds por su participaci\u00f3n en una \u201casociaci\u00f3n il\u00edcita, estafa y falsificaci\u00f3n de documentos p\u00fablicos\u201d. Adem\u00e1s, se le acusa de operar dispositivos electr\u00f3nicos en cajeros autom\u00e1ticos para realizar fraudes. El colombiano detenido, por su parte, es solicitado por el Gobierno de Chile para responder por un homicidio ocurrido en 2022.<\/p>\n\n\n\n<figure class=\"wp-block-image size-large\"><img loading=\"lazy\" decoding=\"async\" width=\"1024\" height=\"903\" src=\"https:\/\/cnctulua.tv\/wp-content\/uploads\/2025\/03\/EXTRA-4-1024x903.jpeg\" alt=\"\" class=\"wp-image-32556\" srcset=\"https:\/\/cnctulua.tv\/wp-content\/uploads\/2025\/03\/EXTRA-4-1024x903.jpeg 1024w, https:\/\/cnctulua.tv\/wp-content\/uploads\/2025\/03\/EXTRA-4-300x265.jpeg 300w, https:\/\/cnctulua.tv\/wp-content\/uploads\/2025\/03\/EXTRA-4-768x678.jpeg 768w, https:\/\/cnctulua.tv\/wp-content\/uploads\/2025\/03\/EXTRA-4-1536x1355.jpeg 1536w, https:\/\/cnctulua.tv\/wp-content\/uploads\/2025\/03\/EXTRA-4-2048x1807.jpeg 2048w\" sizes=\"auto, (max-width: 1024px) 100vw, 1024px\" \/><\/figure>\n\n\n\n<p>En cuanto a los tres ciudadanos ecuatorianos capturados, el primero de ellos es se\u00f1alado como el \u201cjefe de sicarios de la estructura criminal \u2018Lechoneros\u2019\u201d, responsable de un homicidio en Ecuador en enero de este a\u00f1o. El segundo ecuatoriano est\u00e1 vinculado al tr\u00e1fico de estupefacientes entre Colombia y Ecuador, utilizando compartimentos secretos en veh\u00edculos para ocultar las drogas. Finalmente, una mujer ecuatoriana fue detenida por su implicaci\u00f3n en una organizaci\u00f3n criminal dedicada al narcotr\u00e1fico, facilitando el transporte de drogas entre Ecuador e Italia.<\/p>\n\n\n\n<figure class=\"wp-block-image size-large\"><img loading=\"lazy\" decoding=\"async\" width=\"1024\" height=\"740\" src=\"https:\/\/cnctulua.tv\/wp-content\/uploads\/2025\/03\/EXTRA-5-1024x740.jpeg\" alt=\"\" class=\"wp-image-32560\" srcset=\"https:\/\/cnctulua.tv\/wp-content\/uploads\/2025\/03\/EXTRA-5-1024x740.jpeg 1024w, https:\/\/cnctulua.tv\/wp-content\/uploads\/2025\/03\/EXTRA-5-300x217.jpeg 300w, https:\/\/cnctulua.tv\/wp-content\/uploads\/2025\/03\/EXTRA-5-768x555.jpeg 768w, https:\/\/cnctulua.tv\/wp-content\/uploads\/2025\/03\/EXTRA-5-1536x1110.jpeg 1536w, https:\/\/cnctulua.tv\/wp-content\/uploads\/2025\/03\/EXTRA-5.jpeg 1600w\" sizes=\"auto, (max-width: 1024px) 100vw, 1024px\" \/><\/figure>\n\n\n\n<p>El Brigadier General Oviedo resalt\u00f3 que esta acci\u00f3n forma parte de una estrategia m\u00e1s amplia para \u201cgarantizar que Cali no sea un refugio para actores criminales internacionales que buscan evadir la justicia\u201d. Los detenidos fueron puestos a disposici\u00f3n de la Fiscal\u00eda General de la Naci\u00f3n y la Direcci\u00f3n de Asuntos Internacionales, y se espera que se inicien los procedimientos diplom\u00e1ticos para su extradici\u00f3n.<\/p>\n\n\n\n<figure class=\"wp-block-image size-large\"><img loading=\"lazy\" decoding=\"async\" width=\"1024\" height=\"831\" src=\"https:\/\/cnctulua.tv\/wp-content\/uploads\/2025\/03\/EXTRA-2-1-1024x831.jpeg\" alt=\"\" class=\"wp-image-32570\" srcset=\"https:\/\/cnctulua.tv\/wp-content\/uploads\/2025\/03\/EXTRA-2-1-1024x831.jpeg 1024w, https:\/\/cnctulua.tv\/wp-content\/uploads\/2025\/03\/EXTRA-2-1-300x244.jpeg 300w, https:\/\/cnctulua.tv\/wp-content\/uploads\/2025\/03\/EXTRA-2-1-768x624.jpeg 768w, https:\/\/cnctulua.tv\/wp-content\/uploads\/2025\/03\/EXTRA-2-1-1536x1247.jpeg 1536w, https:\/\/cnctulua.tv\/wp-content\/uploads\/2025\/03\/EXTRA-2-1.jpeg 1600w\" sizes=\"auto, (max-width: 1024px) 100vw, 1024px\" \/><\/figure>\n\n\n\n<p>El operativo refuerza el compromiso de las autoridades colombianas en la lucha contra el crimen organizado, tanto a nivel nacional como internacional. \u201cNo se permitir\u00e1 que actores criminales internacionales encuentren un espacio seguro en el pa\u00eds mientras sus procesos judiciales se dilatan en otras naciones\u201d, enfatiz\u00f3 Oviedo.<\/p>\n","protected":false},"excerpt":{"rendered":"<p>La Polic\u00eda Metropolitana de Santiago de Cali, en colaboraci\u00f3n con agencias de seguridad internacionales, ha dado un importante paso en la lucha contra el crimen organizado con la captura de cinco individuos solicitados por las autoridades de Argentina, Chile, Ecuador e Italia. Las detenciones fueron realizadas en diferentes puntos del municipio y la ciudad de [&hellip;]<\/p>\n","protected":false},"author":3,"featured_media":32553,"comment_status":"open","ping_status":"open","sticky":false,"template":"","format":"video","meta":{"footnotes":""},"categories":[10,1515],"tags":[],"class_list":["post-32549","post","type-post","status-publish","format-video","has-post-thumbnail","hentry","category-cnc-noticias-tulua","category-cnc-tulua","post_format-post-format-video"],"_links":{"self":[{"href":"https:\/\/cnctulua.tv\/index.php?rest_route=\/wp\/v2\/posts\/32549","targetHints":{"allow":["GET"]}}],"collection":[{"href":"https:\/\/cnctulua.tv\/index.php?rest_route=\/wp\/v2\/posts"}],"about":[{"href":"https:\/\/cnctulua.tv\/index.php?rest_route=\/wp\/v2\/types\/post"}],"author":[{"embeddable":true,"href":"https:\/\/cnctulua.tv\/index.php?rest_route=\/wp\/v2\/users\/3"}],"replies":[{"embeddable":true,"href":"https:\/\/cnctulua.tv\/index.php?rest_route=%2Fwp%2Fv2%2Fcomments&post=32549"}],"version-history":[{"count":1,"href":"https:\/\/cnctulua.tv\/index.php?rest_route=\/wp\/v2\/posts\/32549\/revisions"}],"predecessor-version":[{"id":32571,"href":"https:\/\/cnctulua.tv\/index.php?rest_route=\/wp\/v2\/posts\/32549\/revisions\/32571"}],"wp:featuredmedia":[{"embeddable":true,"href":"https:\/\/cnctulua.tv\/index.php?rest_route=\/wp\/v2\/media\/32553"}],"wp:attachment":[{"href":"https:\/\/cnctulua.tv\/index.php?rest_route=%2Fwp%2Fv2%2Fmedia&parent=32549"}],"wp:term":[{"taxonomy":"category","embeddable":true,"href":"https:\/\/cnctulua.tv\/index.php?rest_route=%2Fwp%2Fv2%2Fcategories&post=32549"},{"taxonomy":"post_tag","embeddable":true,"href":"https:\/\/cnctulua.tv\/index.php?rest_route=%2Fwp%2Fv2%2Ftags&post=32549"}],"curies":[{"name":"wp","href":"https:\/\/api.w.org\/{rel}","templated":true}]}}