{"id":32562,"date":"2025-03-31T17:55:17","date_gmt":"2025-03-31T17:55:17","guid":{"rendered":"https:\/\/cnctulua.tv\/?p=32562"},"modified":"2025-03-31T19:26:55","modified_gmt":"2025-03-31T19:26:55","slug":"funcionarios-celebran-50-anos-de-crecimiento-y-evolucion-en-la-central-de-transportes-tulua","status":"publish","type":"post","link":"https:\/\/cnctulua.tv\/?p=32562","title":{"rendered":"FUNCIONARIOS CELEBRAN 50 A\u00d1OS DE CRECIMIENTO Y EVOLUCI\u00d3N, EN LA CENTRAL DE TRANSPORTES TULU\u00c1."},"content":{"rendered":"\n<p>La Central de Transportes de Tulu\u00e1 conmemora sus 50 a\u00f1os con un enfoque claro hacia el futuro: seguir evolucionando para ofrecer un servicio cada vez mejor a sus usuarios y seguir siendo un referente para la regi\u00f3n. Desde sus primeros d\u00edas, cuando comenz\u00f3 como un punto de conexi\u00f3n para rutas locales, hasta convertirse en una terminal con cobertura nacional e internacional, la Central de Transportes ha demostrado un crecimiento y transformaci\u00f3n constantes, adapt\u00e1ndose a las necesidades del transporte moderno.<\/p>\n\n\n\n<figure class=\"wp-block-embed is-type-video is-provider-youtube wp-block-embed-youtube wp-embed-aspect-16-9 wp-has-aspect-ratio\"><div class=\"wp-block-embed__wrapper\">\n<iframe loading=\"lazy\" title=\"La Central de Transportes de Tulu\u00e1 celebra 50 a\u00f1os de crecimiento y evoluci\u00f3n.\" width=\"640\" height=\"360\" src=\"https:\/\/www.youtube.com\/embed\/tuIJk_xBW7U?feature=oembed\" frameborder=\"0\" allow=\"accelerometer; autoplay; clipboard-write; encrypted-media; gyroscope; picture-in-picture; web-share\" referrerpolicy=\"strict-origin-when-cross-origin\" allowfullscreen><\/iframe>\n<\/div><\/figure>\n\n\n\n<p><\/p>\n\n\n\n<p>John Jairo, funcionario de la terminal, rememor\u00f3 los comienzos de la Central de Transportes, destacando que las primeras empresas que operaban eran de rutas cortas, limitadas a trayectos locales. \u201cAl inicio, la terminal estaba compuesta por empresas legalmente vinculadas, pero b\u00e1sicamente cubr\u00edan rutas cortas. Sin embargo, con la nueva infraestructura y ubicaci\u00f3n, la terminal ha permitido que muchas m\u00e1s empresas puedan operar aqu\u00ed, ofreciendo un servicio integral que cubre una gran parte del pa\u00eds, e incluso se extiende a destinos internacionales como Ecuador y Chile\u201d, coment\u00f3 Jairo.<\/p>\n\n\n\n<p>Hoy en d\u00eda, la terminal no solo es un punto de conexi\u00f3n importante dentro de Colombia, sino que tambi\u00e9n ha logrado establecer una red de transporte que conecta a Tulu\u00e1 con otras ciudades y pa\u00edses. Las modernas instalaciones de la Central de Transportes permiten a las empresas de transporte ofrecer sus servicios en condiciones \u00f3ptimas, y el crecimiento de la infraestructura ha hecho posible que m\u00e1s empresas se sumen a la central. \u201cLas empresas que quieran unirse a nosotros son bienvenidas, ya que tenemos todo lo necesario para ofrecerles el mejor espacio y servicio posible\u201d, agreg\u00f3 Jairo.<\/p>\n\n\n\n<p>En cuanto a los deseos para el futuro, Jairo subray\u00f3 el objetivo de seguir mejorando la terminal y mantenerse a la vanguardia en cuanto a tecnolog\u00eda e infraestructura. \u201cQueremos seguir evolucionando, mejorar la calidad del servicio al usuario y continuar desarrollando la terminal pensando en el bienestar de la regi\u00f3n\u201d, se\u00f1al\u00f3.<\/p>\n\n\n\n<p>Por otro lado, William Arbel\u00e1ez Giraldo, tambi\u00e9n funcionario de la terminal, expres\u00f3 su entusiasmo por los 50 a\u00f1os cumplidos, pero tambi\u00e9n su optimismo por lo que est\u00e1 por venir. \u201cLe deseo a la terminal un feliz aniversario, y ojal\u00e1 estos 50 a\u00f1os no sean los \u00faltimos. Espero que podamos seguir creciendo y mejorando, y que este proceso contin\u00fae durante muchos a\u00f1os m\u00e1s\u201d, se\u00f1al\u00f3 Arbel\u00e1ez, resaltando la importancia de la administraci\u00f3n actual y el trabajo conjunto para llevar la terminal a un nivel superior.<\/p>\n\n\n\n<p>La Central de Transportes de Tulu\u00e1 sigue siendo una pieza fundamental para la conectividad de la regi\u00f3n, y este aniversario es solo el inicio de una nueva etapa de crecimiento. Con la mirada puesta en el futuro, la terminal promete seguir ofreciendo un servicio de calidad, con una infraestructura moderna y pensada en las necesidades de los usuarios.<\/p>\n","protected":false},"excerpt":{"rendered":"<p>La Central de Transportes de Tulu\u00e1 conmemora sus 50 a\u00f1os con un enfoque claro hacia el futuro: seguir evolucionando para ofrecer un servicio cada vez mejor a sus usuarios y seguir siendo un referente para la regi\u00f3n. Desde sus primeros d\u00edas, cuando comenz\u00f3 como un punto de conexi\u00f3n para rutas locales, hasta convertirse en una [&hellip;]<\/p>\n","protected":false},"author":3,"featured_media":32608,"comment_status":"open","ping_status":"open","sticky":false,"template":"","format":"video","meta":{"footnotes":""},"categories":[10,1515],"tags":[],"class_list":["post-32562","post","type-post","status-publish","format-video","has-post-thumbnail","hentry","category-cnc-noticias-tulua","category-cnc-tulua","post_format-post-format-video"],"_links":{"self":[{"href":"https:\/\/cnctulua.tv\/index.php?rest_route=\/wp\/v2\/posts\/32562","targetHints":{"allow":["GET"]}}],"collection":[{"href":"https:\/\/cnctulua.tv\/index.php?rest_route=\/wp\/v2\/posts"}],"about":[{"href":"https:\/\/cnctulua.tv\/index.php?rest_route=\/wp\/v2\/types\/post"}],"author":[{"embeddable":true,"href":"https:\/\/cnctulua.tv\/index.php?rest_route=\/wp\/v2\/users\/3"}],"replies":[{"embeddable":true,"href":"https:\/\/cnctulua.tv\/index.php?rest_route=%2Fwp%2Fv2%2Fcomments&post=32562"}],"version-history":[{"count":1,"href":"https:\/\/cnctulua.tv\/index.php?rest_route=\/wp\/v2\/posts\/32562\/revisions"}],"predecessor-version":[{"id":32589,"href":"https:\/\/cnctulua.tv\/index.php?rest_route=\/wp\/v2\/posts\/32562\/revisions\/32589"}],"wp:featuredmedia":[{"embeddable":true,"href":"https:\/\/cnctulua.tv\/index.php?rest_route=\/wp\/v2\/media\/32608"}],"wp:attachment":[{"href":"https:\/\/cnctulua.tv\/index.php?rest_route=%2Fwp%2Fv2%2Fmedia&parent=32562"}],"wp:term":[{"taxonomy":"category","embeddable":true,"href":"https:\/\/cnctulua.tv\/index.php?rest_route=%2Fwp%2Fv2%2Fcategories&post=32562"},{"taxonomy":"post_tag","embeddable":true,"href":"https:\/\/cnctulua.tv\/index.php?rest_route=%2Fwp%2Fv2%2Ftags&post=32562"}],"curies":[{"name":"wp","href":"https:\/\/api.w.org\/{rel}","templated":true}]}}