{"id":32718,"date":"2025-04-02T18:39:36","date_gmt":"2025-04-02T18:39:36","guid":{"rendered":"https:\/\/cnctulua.tv\/?p=32718"},"modified":"2025-04-02T18:39:36","modified_gmt":"2025-04-02T18:39:36","slug":"que-hay-detras-de-las-capturas-de-los-disidentes-de-las-farc-en-el-valle-del-cauca","status":"publish","type":"post","link":"https:\/\/cnctulua.tv\/?p=32718","title":{"rendered":"\u00bfQU\u00c9 HAY DETR\u00c1S DE LAS CAPTURAS DE LOS DISIDENTES DE LAS FARC EN EL VALLE DEL CAUCA?"},"content":{"rendered":"\n<p>La Fiscal\u00eda General de la Naci\u00f3n present\u00f3 ante jueces de control de garant\u00edas a dos individuos se\u00f1alados de hacer parte de las disidencias de las Farc, espec\u00edficamente de los frentes Ad\u00e1n Izquierdo y Jaime Mart\u00ednez, por su presunta participaci\u00f3n en un secuestro extorsivo y en varios ataques terroristas ocurridos en el Valle del Cauca.<\/p>\n\n\n\n<figure class=\"wp-block-embed is-type-video is-provider-youtube wp-block-embed-youtube wp-embed-aspect-16-9 wp-has-aspect-ratio\"><div class=\"wp-block-embed__wrapper\">\n<iframe loading=\"lazy\" title=\"\u00bfQui\u00e9nes son los capturados por secuestro y ataques terroristas en el Valle?\" width=\"640\" height=\"360\" src=\"https:\/\/www.youtube.com\/embed\/5zqH4qKp8B4?feature=oembed\" frameborder=\"0\" allow=\"accelerometer; autoplay; clipboard-write; encrypted-media; gyroscope; picture-in-picture; web-share\" referrerpolicy=\"strict-origin-when-cross-origin\" allowfullscreen><\/iframe>\n<\/div><\/figure>\n\n\n\n<p>El primer detenido es se\u00f1alado de estar involucrado en el secuestro de dos hombres ocurrido el 9 de noviembre de 2023 en el corregimiento Santa Rosa, jurisdicci\u00f3n de Guadalajara de Buga. De acuerdo con las investigaciones, las v\u00edctimas fueron interceptadas mientras repart\u00edan v\u00edveres a los comerciantes locales. Fueron trasladadas contra su voluntad a una finca, donde permanecieron durante varias horas, mientras los secuestradores exig\u00edan la suma de cinco millones de pesos para su liberaci\u00f3n. Este individuo fue capturado en Villavicencio (Meta) por efectivos de la Polic\u00eda Nacional. En su presentaci\u00f3n ante la justicia, fue imputado por los delitos de secuestro extorsivo y concierto para delinquir.<\/p>\n\n\n\n<figure class=\"wp-block-image size-large\"><img loading=\"lazy\" decoding=\"async\" width=\"1024\" height=\"576\" src=\"https:\/\/cnctulua.tv\/wp-content\/uploads\/2025\/04\/Dayron-Esteban-Candamil-Mendieta-Buga-1024x576.jpeg\" alt=\"\" class=\"wp-image-32746\" srcset=\"https:\/\/cnctulua.tv\/wp-content\/uploads\/2025\/04\/Dayron-Esteban-Candamil-Mendieta-Buga-1024x576.jpeg 1024w, https:\/\/cnctulua.tv\/wp-content\/uploads\/2025\/04\/Dayron-Esteban-Candamil-Mendieta-Buga-300x169.jpeg 300w, https:\/\/cnctulua.tv\/wp-content\/uploads\/2025\/04\/Dayron-Esteban-Candamil-Mendieta-Buga-768x432.jpeg 768w, https:\/\/cnctulua.tv\/wp-content\/uploads\/2025\/04\/Dayron-Esteban-Candamil-Mendieta-Buga-1536x864.jpeg 1536w, https:\/\/cnctulua.tv\/wp-content\/uploads\/2025\/04\/Dayron-Esteban-Candamil-Mendieta-Buga.jpeg 1600w\" sizes=\"auto, (max-width: 1024px) 100vw, 1024px\" \/><\/figure>\n\n\n\n<p>En otro caso, otro detenido fue capturado el pasado 16 de marzo en Jamund\u00ed, Valle del Cauca, durante un allanamiento judicial realizado por personal del Gaula Polic\u00eda. Se le atribuye su participaci\u00f3n en hostigamientos armados, el hurto de armamento de uso privativo y el ataque a la estaci\u00f3n de polic\u00eda de Robles, ocurrido el 19 de julio de 2024. Por estos hechos, la Fiscal\u00eda le imput\u00f3 el delito de concierto para delinquir agravado.<\/p>\n\n\n\n<p>Ambos detenidos fueron presentados ante los jueces de control de garant\u00edas, quienes decidieron imponerles medidas de aseguramiento en centros carcelarios mientras avanzan las investigaciones en su contra. Ninguno de los procesados acept\u00f3 los cargos presentados en su contra.<\/p>\n","protected":false},"excerpt":{"rendered":"<p>La Fiscal\u00eda General de la Naci\u00f3n present\u00f3 ante jueces de control de garant\u00edas a dos individuos se\u00f1alados de hacer parte de las disidencias de las Farc, espec\u00edficamente de los frentes Ad\u00e1n Izquierdo y Jaime Mart\u00ednez, por su presunta participaci\u00f3n en un secuestro extorsivo y en varios ataques terroristas ocurridos en el Valle del Cauca. El [&hellip;]<\/p>\n","protected":false},"author":3,"featured_media":32745,"comment_status":"open","ping_status":"open","sticky":false,"template":"","format":"video","meta":{"footnotes":""},"categories":[10,1515],"tags":[],"class_list":["post-32718","post","type-post","status-publish","format-video","has-post-thumbnail","hentry","category-cnc-noticias-tulua","category-cnc-tulua","post_format-post-format-video"],"_links":{"self":[{"href":"https:\/\/cnctulua.tv\/index.php?rest_route=\/wp\/v2\/posts\/32718","targetHints":{"allow":["GET"]}}],"collection":[{"href":"https:\/\/cnctulua.tv\/index.php?rest_route=\/wp\/v2\/posts"}],"about":[{"href":"https:\/\/cnctulua.tv\/index.php?rest_route=\/wp\/v2\/types\/post"}],"author":[{"embeddable":true,"href":"https:\/\/cnctulua.tv\/index.php?rest_route=\/wp\/v2\/users\/3"}],"replies":[{"embeddable":true,"href":"https:\/\/cnctulua.tv\/index.php?rest_route=%2Fwp%2Fv2%2Fcomments&post=32718"}],"version-history":[{"count":1,"href":"https:\/\/cnctulua.tv\/index.php?rest_route=\/wp\/v2\/posts\/32718\/revisions"}],"predecessor-version":[{"id":32759,"href":"https:\/\/cnctulua.tv\/index.php?rest_route=\/wp\/v2\/posts\/32718\/revisions\/32759"}],"wp:featuredmedia":[{"embeddable":true,"href":"https:\/\/cnctulua.tv\/index.php?rest_route=\/wp\/v2\/media\/32745"}],"wp:attachment":[{"href":"https:\/\/cnctulua.tv\/index.php?rest_route=%2Fwp%2Fv2%2Fmedia&parent=32718"}],"wp:term":[{"taxonomy":"category","embeddable":true,"href":"https:\/\/cnctulua.tv\/index.php?rest_route=%2Fwp%2Fv2%2Fcategories&post=32718"},{"taxonomy":"post_tag","embeddable":true,"href":"https:\/\/cnctulua.tv\/index.php?rest_route=%2Fwp%2Fv2%2Ftags&post=32718"}],"curies":[{"name":"wp","href":"https:\/\/api.w.org\/{rel}","templated":true}]}}