{"id":32722,"date":"2025-04-02T18:42:28","date_gmt":"2025-04-02T18:42:28","guid":{"rendered":"https:\/\/cnctulua.tv\/?p=32722"},"modified":"2025-04-02T18:42:28","modified_gmt":"2025-04-02T18:42:28","slug":"capturado-alias-ever-mas-de-15-anos-de-criminalidad-y-vinculos-con-las-disidencias-de-las-farc","status":"publish","type":"post","link":"https:\/\/cnctulua.tv\/?p=32722","title":{"rendered":"CAPTURADO ALIAS &#8216;EVER&#8217;: M\u00c1S DE 15 A\u00d1OS DE CRIMINALIDAD Y V\u00cdNCULOS CON LAS DISIDENCIAS DE LAS FARC."},"content":{"rendered":"\n<p>En un operativo conjunto entre la Polic\u00eda Nacional, el Grupo de Acci\u00f3n Unificada por la Libertad Personal (GAULA) y la Fiscal\u00eda General de la Naci\u00f3n, se logr\u00f3 la captura de alias \u2018Ever\u2019 o \u2018El Calvo\u2019, un presunto integrante de la disidencia de las Farc, espec\u00edficamente de la Red Jaime Mart\u00ednez. Este sujeto, con un amplio prontuario criminal, se encargaba del recaudo de extorsiones y la negociaci\u00f3n de narc\u00f3ticos, utilizando rutas rurales y mar\u00edtimas del puerto de Buenaventura.<\/p>\n\n\n\n<figure class=\"wp-block-embed is-type-video is-provider-youtube wp-block-embed-youtube wp-embed-aspect-16-9 wp-has-aspect-ratio\"><div class=\"wp-block-embed__wrapper\">\n<iframe loading=\"lazy\" title=\"Alias &#039;Ever&#039;, con m\u00e1s de 15 a\u00f1os de criminalidad, capturado en Buenaventura.\" width=\"640\" height=\"360\" src=\"https:\/\/www.youtube.com\/embed\/NTm-Kay9EWo?feature=oembed\" frameborder=\"0\" allow=\"accelerometer; autoplay; clipboard-write; encrypted-media; gyroscope; picture-in-picture; web-share\" referrerpolicy=\"strict-origin-when-cross-origin\" allowfullscreen><\/iframe>\n<\/div><\/figure>\n\n\n\n<p>La captura de alias \u2018Ever\u2019, quien tiene m\u00e1s de 15 a\u00f1os de trayectoria en el crimen, se realiz\u00f3 en el barrio San Buenaventura, comuna 9 de Buenaventura, tras una diligencia de allanamiento. De acuerdo con las autoridades, el capturado es se\u00f1alado de ser uno de los principales responsables de abastecer de v\u00edveres, medicamentos, y armas a los miembros del grupo armado en la regi\u00f3n. Adem\u00e1s, manten\u00eda alianzas con la facci\u00f3n criminal &#8216;La Local&#8217;, espec\u00edficamente con la banda \u2018Los Espartanos\u2019, para coordinar acciones il\u00edcitas.<\/p>\n\n\n\n<p>El coronel Pedro Pablo Astaiza Cer\u00f3n, comandante del Departamento de Polic\u00eda Valle (e), destac\u00f3 que alias \u2018Ever\u2019 ten\u00eda un historial delictivo extenso, con antecedentes por delitos de concierto para delinquir, rebeli\u00f3n y terrorismo, siendo miembro de la extinta Columna M\u00f3vil Libardo Garc\u00eda de las FARC. En el 2021, estuvo recluido en un centro penitenciario de Buenaventura, pero fue liberado tras cumplir su condena.<\/p>\n\n\n\n<p>En el marco del allanamiento, las autoridades incautaron importantes elementos de prueba: un rev\u00f3lver, cartuchos de munici\u00f3n, 139 gramos de base de coca\u00edna, una gramera y un equipo de comunicaciones, los cuales est\u00e1n siendo procesados por la Fiscal\u00eda. Alias \u2018Ever\u2019 fue judicializado por los delitos de tr\u00e1fico de estupefacientes y porte ilegal de armas, y fue enviado a un centro carcelario para enfrentar la justicia.<\/p>\n\n\n\n<p>Esta captura es parte de la estrategia de seguridad implementada en Buenaventura, donde, en lo que va del a\u00f1o, se han logrado 143 capturas, entre ellas 30 por orden judicial y 113 en flagrancia. Adem\u00e1s, la Polic\u00eda ha incautado m\u00e1s de dos toneladas de narc\u00f3ticos, recuperado 24 veh\u00edculos (19 motocicletas y 5 autom\u00f3viles) y desmantelado varias bandas dedicadas al tr\u00e1fico de drogas y al crimen organizado.<\/p>\n","protected":false},"excerpt":{"rendered":"<p>En un operativo conjunto entre la Polic\u00eda Nacional, el Grupo de Acci\u00f3n Unificada por la Libertad Personal (GAULA) y la Fiscal\u00eda General de la Naci\u00f3n, se logr\u00f3 la captura de alias \u2018Ever\u2019 o \u2018El Calvo\u2019, un presunto integrante de la disidencia de las Farc, espec\u00edficamente de la Red Jaime Mart\u00ednez. Este sujeto, con un amplio [&hellip;]<\/p>\n","protected":false},"author":3,"featured_media":32754,"comment_status":"open","ping_status":"open","sticky":false,"template":"","format":"video","meta":{"footnotes":""},"categories":[10,1515],"tags":[],"class_list":["post-32722","post","type-post","status-publish","format-video","has-post-thumbnail","hentry","category-cnc-noticias-tulua","category-cnc-tulua","post_format-post-format-video"],"_links":{"self":[{"href":"https:\/\/cnctulua.tv\/index.php?rest_route=\/wp\/v2\/posts\/32722","targetHints":{"allow":["GET"]}}],"collection":[{"href":"https:\/\/cnctulua.tv\/index.php?rest_route=\/wp\/v2\/posts"}],"about":[{"href":"https:\/\/cnctulua.tv\/index.php?rest_route=\/wp\/v2\/types\/post"}],"author":[{"embeddable":true,"href":"https:\/\/cnctulua.tv\/index.php?rest_route=\/wp\/v2\/users\/3"}],"replies":[{"embeddable":true,"href":"https:\/\/cnctulua.tv\/index.php?rest_route=%2Fwp%2Fv2%2Fcomments&post=32722"}],"version-history":[{"count":1,"href":"https:\/\/cnctulua.tv\/index.php?rest_route=\/wp\/v2\/posts\/32722\/revisions"}],"predecessor-version":[{"id":32760,"href":"https:\/\/cnctulua.tv\/index.php?rest_route=\/wp\/v2\/posts\/32722\/revisions\/32760"}],"wp:featuredmedia":[{"embeddable":true,"href":"https:\/\/cnctulua.tv\/index.php?rest_route=\/wp\/v2\/media\/32754"}],"wp:attachment":[{"href":"https:\/\/cnctulua.tv\/index.php?rest_route=%2Fwp%2Fv2%2Fmedia&parent=32722"}],"wp:term":[{"taxonomy":"category","embeddable":true,"href":"https:\/\/cnctulua.tv\/index.php?rest_route=%2Fwp%2Fv2%2Fcategories&post=32722"},{"taxonomy":"post_tag","embeddable":true,"href":"https:\/\/cnctulua.tv\/index.php?rest_route=%2Fwp%2Fv2%2Ftags&post=32722"}],"curies":[{"name":"wp","href":"https:\/\/api.w.org\/{rel}","templated":true}]}}