{"id":32793,"date":"2025-04-04T19:31:17","date_gmt":"2025-04-04T19:31:17","guid":{"rendered":"https:\/\/cnctulua.tv\/?p=32793"},"modified":"2025-04-04T19:31:17","modified_gmt":"2025-04-04T19:31:17","slug":"el-municipio-de-san-pedro-enfrenta-graves-consecuencias-debido-a-las-intensas-lluvias-y-al-crecimiento-de-la-quebrada-la-artierta","status":"publish","type":"post","link":"https:\/\/cnctulua.tv\/?p=32793","title":{"rendered":"EL MUNICIPIO DE SAN PEDRO, ENFRENTA GRAVES CONSECUENCIAS DEBIDO A LAS INTENSAS LLUVIAS Y AL CRECIMIENTO DE LA QUEBRADA LA ARTIERTA."},"content":{"rendered":"\n<p>El municipio de San Pedro se encuentra enfrentando serias dificultades tras las intensas lluvias asociadas a la actual ola invernal que azota la regi\u00f3n. Durante la noche de ayer, uno de los principales cauces de la zona, la quebrada La Artierta, experiment\u00f3 un aumento significativo en su caudal, lo que gener\u00f3 el desbordamiento y afect\u00f3 varias zonas residenciales cercanas.<\/p>\n\n\n\n<figure class=\"wp-block-embed is-type-video is-provider-youtube wp-block-embed-youtube wp-embed-aspect-16-9 wp-has-aspect-ratio\"><div class=\"wp-block-embed__wrapper\">\n<iframe loading=\"lazy\" title=\"San Pedro afectado por intensas lluvias y el crecimiento de la quebrada La Artierta.\" width=\"640\" height=\"360\" src=\"https:\/\/www.youtube.com\/embed\/u2jlVQCZ_a4?feature=oembed\" frameborder=\"0\" allow=\"accelerometer; autoplay; clipboard-write; encrypted-media; gyroscope; picture-in-picture; web-share\" referrerpolicy=\"strict-origin-when-cross-origin\" allowfullscreen><\/iframe>\n<\/div><\/figure>\n\n\n\n<p>Las autoridades locales han iniciado de inmediato labores de respuesta para mitigar los efectos del desastre natural, garantizando la seguridad de los habitantes y ofreciendo ayuda en las \u00e1reas m\u00e1s impactadas. Varias familias han tenido que ser evacuadas de sus hogares debido a la fuerza de las aguas y el riesgo que representan las crecidas de los r\u00edos y quebradas en la zona.<\/p>\n\n\n\n<p>El fen\u00f3meno de la ola invernal ha tra\u00eddo consigo fuertes precipitaciones, que, si bien son comunes en esta temporada, este a\u00f1o se han presentado con mayor intensidad, provocando da\u00f1os considerables en la infraestructura local, viviendas y cultivos.<\/p>\n\n\n\n<p>A pesar de los esfuerzos de las autoridades y la comunidad, las consecuencias de las lluvias siguen siendo graves, y el municipio contin\u00faa en alerta. Se espera que las lluvias persistan en los pr\u00f3ximos d\u00edas, lo que podr\u00eda agravar a\u00fan m\u00e1s la situaci\u00f3n si no se toman medidas preventivas adicionales. Por ahora, las autoridades siguen monitoreando el comportamiento de las quebradas y han reforzado las medidas de evacuaci\u00f3n y rescate para asegurar que los residentes m\u00e1s vulnerables reciban la asistencia necesaria.<\/p>\n","protected":false},"excerpt":{"rendered":"<p>El municipio de San Pedro se encuentra enfrentando serias dificultades tras las intensas lluvias asociadas a la actual ola invernal que azota la regi\u00f3n. Durante la noche de ayer, uno de los principales cauces de la zona, la quebrada La Artierta, experiment\u00f3 un aumento significativo en su caudal, lo que gener\u00f3 el desbordamiento y afect\u00f3 [&hellip;]<\/p>\n","protected":false},"author":3,"featured_media":32843,"comment_status":"open","ping_status":"open","sticky":false,"template":"","format":"video","meta":{"footnotes":""},"categories":[10,1515],"tags":[],"class_list":["post-32793","post","type-post","status-publish","format-video","has-post-thumbnail","hentry","category-cnc-noticias-tulua","category-cnc-tulua","post_format-post-format-video"],"_links":{"self":[{"href":"https:\/\/cnctulua.tv\/index.php?rest_route=\/wp\/v2\/posts\/32793","targetHints":{"allow":["GET"]}}],"collection":[{"href":"https:\/\/cnctulua.tv\/index.php?rest_route=\/wp\/v2\/posts"}],"about":[{"href":"https:\/\/cnctulua.tv\/index.php?rest_route=\/wp\/v2\/types\/post"}],"author":[{"embeddable":true,"href":"https:\/\/cnctulua.tv\/index.php?rest_route=\/wp\/v2\/users\/3"}],"replies":[{"embeddable":true,"href":"https:\/\/cnctulua.tv\/index.php?rest_route=%2Fwp%2Fv2%2Fcomments&post=32793"}],"version-history":[{"count":1,"href":"https:\/\/cnctulua.tv\/index.php?rest_route=\/wp\/v2\/posts\/32793\/revisions"}],"predecessor-version":[{"id":32844,"href":"https:\/\/cnctulua.tv\/index.php?rest_route=\/wp\/v2\/posts\/32793\/revisions\/32844"}],"wp:featuredmedia":[{"embeddable":true,"href":"https:\/\/cnctulua.tv\/index.php?rest_route=\/wp\/v2\/media\/32843"}],"wp:attachment":[{"href":"https:\/\/cnctulua.tv\/index.php?rest_route=%2Fwp%2Fv2%2Fmedia&parent=32793"}],"wp:term":[{"taxonomy":"category","embeddable":true,"href":"https:\/\/cnctulua.tv\/index.php?rest_route=%2Fwp%2Fv2%2Fcategories&post=32793"},{"taxonomy":"post_tag","embeddable":true,"href":"https:\/\/cnctulua.tv\/index.php?rest_route=%2Fwp%2Fv2%2Ftags&post=32793"}],"curies":[{"name":"wp","href":"https:\/\/api.w.org\/{rel}","templated":true}]}}