{"id":32795,"date":"2025-04-04T17:08:14","date_gmt":"2025-04-04T17:08:14","guid":{"rendered":"https:\/\/cnctulua.tv\/?p=32795"},"modified":"2025-04-04T17:08:14","modified_gmt":"2025-04-04T17:08:14","slug":"buenaventura-busca-solucion-definitiva-al-problema-del-agua-potable","status":"publish","type":"post","link":"https:\/\/cnctulua.tv\/?p=32795","title":{"rendered":"BUENAVENTURA BUSCA SOLUCI\u00d3N DEFINITIVA AL PROBLEMA DEL AGUA POTABLE."},"content":{"rendered":"\n<p>Buenaventura, el principal puerto mar\u00edtimo de Colombia, enfrenta una crisis de acceso al agua potable que ha afectado a sus habitantes durante a\u00f1os. Este problema hist\u00f3rico ha generado serias preocupaciones entre la comunidad, que lucha por obtener agua potable de manera constante y en cantidades suficientes. Con el objetivo de resolver esta problem\u00e1tica de una vez por todas, la Gobernaci\u00f3n del Valle ha propuesto un plan que involucra a los empresarios del pa\u00eds a trav\u00e9s del programa Obras por Impuestos, con la intenci\u00f3n de concluir el acueducto de la ciudad.<\/p>\n\n\n\n<figure class=\"wp-block-embed is-type-video is-provider-youtube wp-block-embed-youtube wp-embed-aspect-16-9 wp-has-aspect-ratio\"><div class=\"wp-block-embed__wrapper\">\n<iframe loading=\"lazy\" title=\"\u00bfPodr\u00e1 Buenaventura contar con agua potable las 24 horas del d\u00eda?\" width=\"640\" height=\"360\" src=\"https:\/\/www.youtube.com\/embed\/8Wwj8j9G3w8?feature=oembed\" frameborder=\"0\" allow=\"accelerometer; autoplay; clipboard-write; encrypted-media; gyroscope; picture-in-picture; web-share\" referrerpolicy=\"strict-origin-when-cross-origin\" allowfullscreen><\/iframe>\n<\/div><\/figure>\n\n\n\n<p>La Gobernadora Dilian Francisca Toro destac\u00f3 la importancia de dar soluci\u00f3n al acceso constante de agua potable, un derecho b\u00e1sico que muchos bonaverenses no disfrutan. La mandataria explic\u00f3 que se organizar\u00e1 una reuni\u00f3n con la Agencia de Renovaci\u00f3n del Territorio (ART) y empresarios para gestionar los recursos necesarios a trav\u00e9s de este programa. \u201cNuestro compromiso es que los bonaverenses tengan acceso al agua potable, como lo merecen\u201d, afirm\u00f3 Toro.<\/p>\n\n\n\n<p>A pesar de los esfuerzos de la Gobernaci\u00f3n, la comunidad a\u00fan se muestra esc\u00e9ptica sobre si el plan ser\u00e1 suficiente para garantizar el suministro de agua las 24 horas del d\u00eda. Padre Jhomn Reina, l\u00edder comunitario de Buenaventura, subray\u00f3 que el acceso al agua fue una de las principales demandas del Paro C\u00edvico de 2017, pero que hasta el momento no se han logrado avances sustanciales en este tema.<\/p>\n\n\n\n<p>Mientras tanto, la comunidad sigue esperando que el plan de la Gobernaci\u00f3n y la colaboraci\u00f3n de los empresarios logren solucionar este problema urgente. La pregunta que permanece en el aire es si finalmente Buenaventura podr\u00e1 contar con agua potable de forma continua y permanente, mejorando as\u00ed la calidad de vida de sus habitantes.<\/p>\n","protected":false},"excerpt":{"rendered":"<p>Buenaventura, el principal puerto mar\u00edtimo de Colombia, enfrenta una crisis de acceso al agua potable que ha afectado a sus habitantes durante a\u00f1os. Este problema hist\u00f3rico ha generado serias preocupaciones entre la comunidad, que lucha por obtener agua potable de manera constante y en cantidades suficientes. Con el objetivo de resolver esta problem\u00e1tica de una [&hellip;]<\/p>\n","protected":false},"author":3,"featured_media":32822,"comment_status":"open","ping_status":"open","sticky":false,"template":"","format":"video","meta":{"footnotes":""},"categories":[10,1515],"tags":[],"class_list":["post-32795","post","type-post","status-publish","format-video","has-post-thumbnail","hentry","category-cnc-noticias-tulua","category-cnc-tulua","post_format-post-format-video"],"_links":{"self":[{"href":"https:\/\/cnctulua.tv\/index.php?rest_route=\/wp\/v2\/posts\/32795","targetHints":{"allow":["GET"]}}],"collection":[{"href":"https:\/\/cnctulua.tv\/index.php?rest_route=\/wp\/v2\/posts"}],"about":[{"href":"https:\/\/cnctulua.tv\/index.php?rest_route=\/wp\/v2\/types\/post"}],"author":[{"embeddable":true,"href":"https:\/\/cnctulua.tv\/index.php?rest_route=\/wp\/v2\/users\/3"}],"replies":[{"embeddable":true,"href":"https:\/\/cnctulua.tv\/index.php?rest_route=%2Fwp%2Fv2%2Fcomments&post=32795"}],"version-history":[{"count":1,"href":"https:\/\/cnctulua.tv\/index.php?rest_route=\/wp\/v2\/posts\/32795\/revisions"}],"predecessor-version":[{"id":32826,"href":"https:\/\/cnctulua.tv\/index.php?rest_route=\/wp\/v2\/posts\/32795\/revisions\/32826"}],"wp:featuredmedia":[{"embeddable":true,"href":"https:\/\/cnctulua.tv\/index.php?rest_route=\/wp\/v2\/media\/32822"}],"wp:attachment":[{"href":"https:\/\/cnctulua.tv\/index.php?rest_route=%2Fwp%2Fv2%2Fmedia&parent=32795"}],"wp:term":[{"taxonomy":"category","embeddable":true,"href":"https:\/\/cnctulua.tv\/index.php?rest_route=%2Fwp%2Fv2%2Fcategories&post=32795"},{"taxonomy":"post_tag","embeddable":true,"href":"https:\/\/cnctulua.tv\/index.php?rest_route=%2Fwp%2Fv2%2Ftags&post=32795"}],"curies":[{"name":"wp","href":"https:\/\/api.w.org\/{rel}","templated":true}]}}