{"id":32796,"date":"2025-04-04T17:22:56","date_gmt":"2025-04-04T17:22:56","guid":{"rendered":"https:\/\/cnctulua.tv\/?p=32796"},"modified":"2025-04-04T17:22:56","modified_gmt":"2025-04-04T17:22:56","slug":"inicia-el-proyecto-raices-costeras-para-la-restauracion-de-los-manglares-del-pacifico-vallecaucano","status":"publish","type":"post","link":"https:\/\/cnctulua.tv\/?p=32796","title":{"rendered":"INICIA EL PROYECTO \u00abRA\u00cdCES COSTERAS\u00bb PARA LA RESTAURACI\u00d3N DE LOS MANGLARES DEL PAC\u00cdFICO VALLECAUCANO."},"content":{"rendered":"\n<p>Con el objetivo de restaurar y conservar los manglares del Pac\u00edfico vallecaucano, comenz\u00f3 la primera etapa del proyecto \u00abRa\u00edces Costeras\u00bb, una iniciativa que busca involucrar a las comunidades costeras en la protecci\u00f3n de sus ecosistemas. La actividad de socializaci\u00f3n tuvo lugar en el Consejo Comunitario de Baz\u00e1n Bocana, en Buenaventura, y cont\u00f3 con la participaci\u00f3n de residentes locales, estudiantes de la Unidad Central del Valle (Uceva) y del Instituto de Educaci\u00f3n T\u00e9cnica Profesional de Roldanillo (Intep).<\/p>\n\n\n\n<figure class=\"wp-block-embed is-type-video is-provider-youtube wp-block-embed-youtube wp-embed-aspect-16-9 wp-has-aspect-ratio\"><div class=\"wp-block-embed__wrapper\">\n<iframe loading=\"lazy\" title=\"Restauraci\u00f3n de los Manglares del Pac\u00edfico Vallecaucano.\" width=\"640\" height=\"360\" src=\"https:\/\/www.youtube.com\/embed\/xavsZSpOR-4?feature=oembed\" frameborder=\"0\" allow=\"accelerometer; autoplay; clipboard-write; encrypted-media; gyroscope; picture-in-picture; web-share\" referrerpolicy=\"strict-origin-when-cross-origin\" allowfullscreen><\/iframe>\n<\/div><\/figure>\n\n\n\n<p>El proyecto busca frenar la degradaci\u00f3n de los manglares, vitales para la biodiversidad, la pesca y la protecci\u00f3n de las costas frente a la erosi\u00f3n. La intervenci\u00f3n abarca un total de 50 hect\u00e1reas y se concentrar\u00e1 en doce Consejos Comunitarios de la regi\u00f3n, entre los que se encuentran zonas como Yurumangu\u00ed, La Bocana, Ladrilleros, y La Barra, lugares que han sufrido una fuerte degradaci\u00f3n debido a las actividades humanas.<\/p>\n\n\n\n<figure class=\"wp-block-image size-full\"><img loading=\"lazy\" decoding=\"async\" width=\"643\" height=\"364\" src=\"https:\/\/cnctulua.tv\/wp-content\/uploads\/2025\/04\/WhatsApp-Image-2025-04-04-at-9.52.42-AM.jpeg\" alt=\"\" class=\"wp-image-32825\" srcset=\"https:\/\/cnctulua.tv\/wp-content\/uploads\/2025\/04\/WhatsApp-Image-2025-04-04-at-9.52.42-AM.jpeg 643w, https:\/\/cnctulua.tv\/wp-content\/uploads\/2025\/04\/WhatsApp-Image-2025-04-04-at-9.52.42-AM-300x170.jpeg 300w\" sizes=\"auto, (max-width: 643px) 100vw, 643px\" \/><\/figure>\n\n\n\n<p>Durante la jornada, Nasly Vidales Gonz\u00e1lez, subsecretaria de Desarrollo Sostenible, destac\u00f3 la importancia de trabajar de la mano con las comunidades para lograr resultados sostenibles. \u00abCon &#8216;Ra\u00edces Costeras&#8217; se promover\u00e1 la gobernanza ambiental, el desarrollo econ\u00f3mico basado en la econom\u00eda circular y la remediaci\u00f3n cultural de los manglares, asegurando que las comunidades costeras se conviertan en actores clave en la restauraci\u00f3n de estos ecosistemas\u00bb, explic\u00f3.<\/p>\n\n\n\n<p>Por su parte, Samara Betancourt, presidenta del Consejo Comunitario de Baz\u00e1n Bocana, agradeci\u00f3 el apoyo recibido. \u00abEl manglar es la cuna de muchas especies que sustentan nuestra vida y econom\u00eda. Esta intervenci\u00f3n es crucial para preservar el futuro de nuestro territorio y garantizar que las futuras generaciones puedan seguir disfrutando de sus beneficios\u00bb, afirm\u00f3.<\/p>\n\n\n\n<p>El proyecto \u00abRa\u00edces Costeras\u00bb es un paso significativo hacia la conservaci\u00f3n de los manglares del Pac\u00edfico vallecaucano, un patrimonio natural que, adem\u00e1s de ser vital para la ecolog\u00eda, tambi\u00e9n desempe\u00f1a un papel fundamental en la vida cotidiana de las comunidades que habitan estas zonas. Con la colaboraci\u00f3n de las autoridades y la participaci\u00f3n activa de la comunidad, se espera que esta iniciativa sea un modelo de sostenibilidad y desarrollo a largo plazo para la regi\u00f3n.<\/p>\n","protected":false},"excerpt":{"rendered":"<p>Con el objetivo de restaurar y conservar los manglares del Pac\u00edfico vallecaucano, comenz\u00f3 la primera etapa del proyecto \u00abRa\u00edces Costeras\u00bb, una iniciativa que busca involucrar a las comunidades costeras en la protecci\u00f3n de sus ecosistemas. La actividad de socializaci\u00f3n tuvo lugar en el Consejo Comunitario de Baz\u00e1n Bocana, en Buenaventura, y cont\u00f3 con la participaci\u00f3n [&hellip;]<\/p>\n","protected":false},"author":3,"featured_media":32824,"comment_status":"open","ping_status":"open","sticky":false,"template":"","format":"video","meta":{"footnotes":""},"categories":[10,1515],"tags":[],"class_list":["post-32796","post","type-post","status-publish","format-video","has-post-thumbnail","hentry","category-cnc-noticias-tulua","category-cnc-tulua","post_format-post-format-video"],"_links":{"self":[{"href":"https:\/\/cnctulua.tv\/index.php?rest_route=\/wp\/v2\/posts\/32796","targetHints":{"allow":["GET"]}}],"collection":[{"href":"https:\/\/cnctulua.tv\/index.php?rest_route=\/wp\/v2\/posts"}],"about":[{"href":"https:\/\/cnctulua.tv\/index.php?rest_route=\/wp\/v2\/types\/post"}],"author":[{"embeddable":true,"href":"https:\/\/cnctulua.tv\/index.php?rest_route=\/wp\/v2\/users\/3"}],"replies":[{"embeddable":true,"href":"https:\/\/cnctulua.tv\/index.php?rest_route=%2Fwp%2Fv2%2Fcomments&post=32796"}],"version-history":[{"count":1,"href":"https:\/\/cnctulua.tv\/index.php?rest_route=\/wp\/v2\/posts\/32796\/revisions"}],"predecessor-version":[{"id":32830,"href":"https:\/\/cnctulua.tv\/index.php?rest_route=\/wp\/v2\/posts\/32796\/revisions\/32830"}],"wp:featuredmedia":[{"embeddable":true,"href":"https:\/\/cnctulua.tv\/index.php?rest_route=\/wp\/v2\/media\/32824"}],"wp:attachment":[{"href":"https:\/\/cnctulua.tv\/index.php?rest_route=%2Fwp%2Fv2%2Fmedia&parent=32796"}],"wp:term":[{"taxonomy":"category","embeddable":true,"href":"https:\/\/cnctulua.tv\/index.php?rest_route=%2Fwp%2Fv2%2Fcategories&post=32796"},{"taxonomy":"post_tag","embeddable":true,"href":"https:\/\/cnctulua.tv\/index.php?rest_route=%2Fwp%2Fv2%2Ftags&post=32796"}],"curies":[{"name":"wp","href":"https:\/\/api.w.org\/{rel}","templated":true}]}}