{"id":32797,"date":"2025-04-04T17:36:43","date_gmt":"2025-04-04T17:36:43","guid":{"rendered":"https:\/\/cnctulua.tv\/?p=32797"},"modified":"2025-04-04T17:36:43","modified_gmt":"2025-04-04T17:36:43","slug":"cali-y-el-valle-del-cauca-seran-sede-de-la-macrorrueda-colombia-el-pais-de-la-belleza-2025","status":"publish","type":"post","link":"https:\/\/cnctulua.tv\/?p=32797","title":{"rendered":"CALI Y EL VALLE DEL CAUCA SER\u00c1N SEDE DE LA MACRORRUEDA \u2018COLOMBIA, EL PA\u00cdS DE LA BELLEZA 2025\u2019."},"content":{"rendered":"\n<p>Con un aire de innovaci\u00f3n y optimismo, Cali y el Valle del Cauca se preparan para recibir la Macrorrueda \u2018Colombia, El Pa\u00eds de la Belleza 2025\u2019 los d\u00edas 9 y 10 de julio, un evento que se perfila como una de las grandes citas de promoci\u00f3n comercial internacional del pa\u00eds. Este evento reunir\u00e1 a miles de empresarios colombianos, compradores internacionales e inversionistas, con el objetivo de crear una plataforma de negocios que impulse las exportaciones y genere nuevas oportunidades econ\u00f3micas para la regi\u00f3n.<\/p>\n\n\n\n<figure class=\"wp-block-embed is-type-video is-provider-youtube wp-block-embed-youtube wp-embed-aspect-16-9 wp-has-aspect-ratio\"><div class=\"wp-block-embed__wrapper\">\n<iframe loading=\"lazy\" title=\"La Macrorrueda 2025: El Valle del Cauca se abre al mundo del Comercio Internacional.\" width=\"640\" height=\"360\" src=\"https:\/\/www.youtube.com\/embed\/W0CNNZHZVdA?feature=oembed\" frameborder=\"0\" allow=\"accelerometer; autoplay; clipboard-write; encrypted-media; gyroscope; picture-in-picture; web-share\" referrerpolicy=\"strict-origin-when-cross-origin\" allowfullscreen><\/iframe>\n<\/div><\/figure>\n\n\n\n<p>El encuentro, organizado por ProColombia y el Ministerio de Comercio, Industria y Turismo, ser\u00e1 una oportunidad \u00fanica para las empresas vallecaucanas de interactuar directamente con mercados globales, sin intermediarios. Carmen Caballero, presidenta de ProColombia, resalt\u00f3 el valor de esta f\u00f3rmula directa entre vendedores y compradores, lo que permite una negociaci\u00f3n m\u00e1s \u00e1gil y efectiva. Adem\u00e1s, destac\u00f3 el potencial de la regi\u00f3n Pac\u00edfica, tanto en t\u00e9rminos de biodiversidad como de sectores clave como la agroindustria y el turismo, \u00e1reas que se llevar\u00e1n la atenci\u00f3n durante la Macrorrueda.<\/p>\n\n\n\n<figure class=\"wp-block-image size-large\"><img loading=\"lazy\" decoding=\"async\" width=\"1024\" height=\"866\" src=\"https:\/\/cnctulua.tv\/wp-content\/uploads\/2025\/04\/WhatsApp-Image-2025-04-03-at-3.32.45-PM-1024x866.jpeg\" alt=\"\" class=\"wp-image-32828\" srcset=\"https:\/\/cnctulua.tv\/wp-content\/uploads\/2025\/04\/WhatsApp-Image-2025-04-03-at-3.32.45-PM-1024x866.jpeg 1024w, https:\/\/cnctulua.tv\/wp-content\/uploads\/2025\/04\/WhatsApp-Image-2025-04-03-at-3.32.45-PM-300x254.jpeg 300w, https:\/\/cnctulua.tv\/wp-content\/uploads\/2025\/04\/WhatsApp-Image-2025-04-03-at-3.32.45-PM-768x649.jpeg 768w, https:\/\/cnctulua.tv\/wp-content\/uploads\/2025\/04\/WhatsApp-Image-2025-04-03-at-3.32.45-PM-1536x1299.jpeg 1536w, https:\/\/cnctulua.tv\/wp-content\/uploads\/2025\/04\/WhatsApp-Image-2025-04-03-at-3.32.45-PM-2048x1731.jpeg 2048w\" sizes=\"auto, (max-width: 1024px) 100vw, 1024px\" \/><\/figure>\n\n\n\n<p>Este evento tambi\u00e9n ser\u00e1 un hito en la internacionalizaci\u00f3n de las empresas locales, ya que la C\u00e1mara de Comercio de Cali ha proyectado un cierre de ventas de m\u00e1s de 13 millones de d\u00f3lares para las empresas del Valle del Cauca. Con m\u00e1s de 1.400 compradores inscritos hasta el momento, la meta es duplicar las cifras de la edici\u00f3n anterior en Cartagena, consolidando al Valle como un centro de negocios competitivo.<\/p>\n\n\n\n<p>Adem\u00e1s, la Macrorrueda 2025 no solo trae consigo una gran expectativa econ\u00f3mica, sino tambi\u00e9n un impacto social. Seg\u00fan el alcalde de Cali, Alejandro Eder, eventos como este contribuyen a dinamizar la econom\u00eda local y generar empleo, tal como sucedi\u00f3 durante la COP16. La ciudad y el Valle del Cauca se convierten as\u00ed en una vitrina de oportunidades para los negocios internacionales, con una agenda centrada en fortalecer la competitividad y abrir nuevas puertas a nivel global.<\/p>\n\n\n\n<p>Con este encuentro, el Valle del Cauca se posiciona como un referente clave en el comercio internacional, demostrando que su riqueza empresarial, cultural y natural es una excelente carta de presentaci\u00f3n para el mundo.<\/p>\n","protected":false},"excerpt":{"rendered":"<p>Con un aire de innovaci\u00f3n y optimismo, Cali y el Valle del Cauca se preparan para recibir la Macrorrueda \u2018Colombia, El Pa\u00eds de la Belleza 2025\u2019 los d\u00edas 9 y 10 de julio, un evento que se perfila como una de las grandes citas de promoci\u00f3n comercial internacional del pa\u00eds. Este evento reunir\u00e1 a miles [&hellip;]<\/p>\n","protected":false},"author":3,"featured_media":32827,"comment_status":"open","ping_status":"open","sticky":false,"template":"","format":"video","meta":{"footnotes":""},"categories":[10,1515],"tags":[],"class_list":["post-32797","post","type-post","status-publish","format-video","has-post-thumbnail","hentry","category-cnc-noticias-tulua","category-cnc-tulua","post_format-post-format-video"],"_links":{"self":[{"href":"https:\/\/cnctulua.tv\/index.php?rest_route=\/wp\/v2\/posts\/32797","targetHints":{"allow":["GET"]}}],"collection":[{"href":"https:\/\/cnctulua.tv\/index.php?rest_route=\/wp\/v2\/posts"}],"about":[{"href":"https:\/\/cnctulua.tv\/index.php?rest_route=\/wp\/v2\/types\/post"}],"author":[{"embeddable":true,"href":"https:\/\/cnctulua.tv\/index.php?rest_route=\/wp\/v2\/users\/3"}],"replies":[{"embeddable":true,"href":"https:\/\/cnctulua.tv\/index.php?rest_route=%2Fwp%2Fv2%2Fcomments&post=32797"}],"version-history":[{"count":1,"href":"https:\/\/cnctulua.tv\/index.php?rest_route=\/wp\/v2\/posts\/32797\/revisions"}],"predecessor-version":[{"id":32834,"href":"https:\/\/cnctulua.tv\/index.php?rest_route=\/wp\/v2\/posts\/32797\/revisions\/32834"}],"wp:featuredmedia":[{"embeddable":true,"href":"https:\/\/cnctulua.tv\/index.php?rest_route=\/wp\/v2\/media\/32827"}],"wp:attachment":[{"href":"https:\/\/cnctulua.tv\/index.php?rest_route=%2Fwp%2Fv2%2Fmedia&parent=32797"}],"wp:term":[{"taxonomy":"category","embeddable":true,"href":"https:\/\/cnctulua.tv\/index.php?rest_route=%2Fwp%2Fv2%2Fcategories&post=32797"},{"taxonomy":"post_tag","embeddable":true,"href":"https:\/\/cnctulua.tv\/index.php?rest_route=%2Fwp%2Fv2%2Ftags&post=32797"}],"curies":[{"name":"wp","href":"https:\/\/api.w.org\/{rel}","templated":true}]}}