{"id":32802,"date":"2025-04-04T19:08:33","date_gmt":"2025-04-04T19:08:33","guid":{"rendered":"https:\/\/cnctulua.tv\/?p=32802"},"modified":"2025-04-04T19:08:33","modified_gmt":"2025-04-04T19:08:33","slug":"emergencia-en-san-pedro-por-fuertes-lluvias-autoridades-toman-acciones-inmediatas-para-mitigar-danos","status":"publish","type":"post","link":"https:\/\/cnctulua.tv\/?p=32802","title":{"rendered":"EMERGENCIA EN SAN PEDRO POR FUERTES LLUVIAS: AUTORIDADES TOMAN ACCIONES INMEDIATAS PARA MITIGAR DA\u00d1OS."},"content":{"rendered":"\n<p>El municipio de San Pedro, Valle del Cauca, vivi\u00f3 una intensa emergencia la noche del pasado jueves debido a las fuertes lluvias que provocaron inundaciones en varias zonas del municipio. Seg\u00fan Yenny Calder\u00f3n, Personera Municipal de San Pedro, el principal incidente se registr\u00f3 en el puente de La Tierra, donde la acumulaci\u00f3n de material vegetal y la obstrucci\u00f3n del cauce provocaron el desbordamiento de las aguas. \u00abEn el puente de La Tierra, aproximadamente, se nos present\u00f3 una emergencia debido a la poca capacidad del puente para evacuar el material vegetal, lo que gener\u00f3 una empalizada. Esto provoc\u00f3 que las aguas se represaran y, finalmente, causaran el desbordamiento\u00bb, explic\u00f3 Calder\u00f3n.<\/p>\n\n\n\n<figure class=\"wp-block-embed is-type-video is-provider-youtube wp-block-embed-youtube wp-embed-aspect-16-9 wp-has-aspect-ratio\"><div class=\"wp-block-embed__wrapper\">\n<iframe loading=\"lazy\" title=\"San Pedro enfrenta emergencia por fuertes lluvias: autoridades trabajan en la recuperaci\u00f3n.\" width=\"640\" height=\"360\" src=\"https:\/\/www.youtube.com\/embed\/vloVcQnoFm8?feature=oembed\" frameborder=\"0\" allow=\"accelerometer; autoplay; clipboard-write; encrypted-media; gyroscope; picture-in-picture; web-share\" referrerpolicy=\"strict-origin-when-cross-origin\" allowfullscreen><\/iframe>\n<\/div><\/figure>\n\n\n\n<p>El desbordamiento afect\u00f3 gravemente los barrios cercanos, especialmente Guayabal y Jorge Herrera, donde los residentes reportaron inundaciones y dificultades para transitar. Diego Fernando Mendoza Tasc\u00f3n, Alcalde de San Pedro, relat\u00f3 c\u00f3mo las autoridades municipales tomaron acci\u00f3n inmediata: \u00abUna vez que nos dimos cuenta del aumento de los caudales de la quebrada, hicimos presencia en el sector de Jorge Herrera, nos conectamos directamente con el puente de la doble calzada y tomamos decisiones operativas, como traer maquinaria amarilla para retirar el material vegetal atrapado en el puente, lo que permiti\u00f3 que el agua pudiera fluir\u00bb, indic\u00f3 el alcalde.<\/p>\n\n\n\n<p>La situaci\u00f3n no empeor\u00f3 y se evit\u00f3 una tragedia mayor. Las autoridades municipales continuaron trabajando durante la madrugada para liberar el paso del agua, asegurando que la capacidad hidr\u00e1ulica del puente fuera suficiente para mitigar riesgos adicionales. \u00abEste evento pudo haber sido mucho peor, pero gracias a la intervenci\u00f3n de las autoridades, la situaci\u00f3n fue controlada\u00bb, a\u00f1adi\u00f3 Mendoza Tasc\u00f3n.<\/p>\n\n\n\n<p>Desde la Personer\u00eda Municipal, Yenny Calder\u00f3n tambi\u00e9n destac\u00f3 el esfuerzo conjunto de las entidades involucradas. \u00abDesde la personer\u00eda municipal seguimos haciendo el acompa\u00f1amiento a la administraci\u00f3n municipal y a todas las entidades que est\u00e1n haciendo la mitigaci\u00f3n de esta emergencia\u00bb, afirm\u00f3 Calder\u00f3n. Adem\u00e1s, la Personera record\u00f3 que, en relaci\u00f3n con este problema, existe una acci\u00f3n popular fallada a favor de las comunidades el 19 de septiembre de 2024, que actualmente se encuentra en apelaci\u00f3n ante el Tribunal Administrativo del Valle. \u00abEsperamos que pronto se d\u00e9 un fallo que beneficie a estas comunidades, ya que se necesita una soluci\u00f3n de fondo a esta problem\u00e1tica\u00bb, concluy\u00f3.<\/p>\n\n\n\n<p>Las autoridades siguen realizando la evaluaci\u00f3n de los da\u00f1os materiales, que incluyen viviendas afectadas y da\u00f1os en las v\u00edas de acceso. La situaci\u00f3n de emergencia ha dejado a muchas familias en condiciones vulnerables, y las autoridades locales contin\u00faan con la recuperaci\u00f3n y la evaluaci\u00f3n de necesidades para proporcionar el apoyo necesario a los afectados.<\/p>\n","protected":false},"excerpt":{"rendered":"<p>El municipio de San Pedro, Valle del Cauca, vivi\u00f3 una intensa emergencia la noche del pasado jueves debido a las fuertes lluvias que provocaron inundaciones en varias zonas del municipio. Seg\u00fan Yenny Calder\u00f3n, Personera Municipal de San Pedro, el principal incidente se registr\u00f3 en el puente de La Tierra, donde la acumulaci\u00f3n de material vegetal [&hellip;]<\/p>\n","protected":false},"author":3,"featured_media":32841,"comment_status":"open","ping_status":"open","sticky":false,"template":"","format":"video","meta":{"footnotes":""},"categories":[10,1515],"tags":[],"class_list":["post-32802","post","type-post","status-publish","format-video","has-post-thumbnail","hentry","category-cnc-noticias-tulua","category-cnc-tulua","post_format-post-format-video"],"_links":{"self":[{"href":"https:\/\/cnctulua.tv\/index.php?rest_route=\/wp\/v2\/posts\/32802","targetHints":{"allow":["GET"]}}],"collection":[{"href":"https:\/\/cnctulua.tv\/index.php?rest_route=\/wp\/v2\/posts"}],"about":[{"href":"https:\/\/cnctulua.tv\/index.php?rest_route=\/wp\/v2\/types\/post"}],"author":[{"embeddable":true,"href":"https:\/\/cnctulua.tv\/index.php?rest_route=\/wp\/v2\/users\/3"}],"replies":[{"embeddable":true,"href":"https:\/\/cnctulua.tv\/index.php?rest_route=%2Fwp%2Fv2%2Fcomments&post=32802"}],"version-history":[{"count":1,"href":"https:\/\/cnctulua.tv\/index.php?rest_route=\/wp\/v2\/posts\/32802\/revisions"}],"predecessor-version":[{"id":32842,"href":"https:\/\/cnctulua.tv\/index.php?rest_route=\/wp\/v2\/posts\/32802\/revisions\/32842"}],"wp:featuredmedia":[{"embeddable":true,"href":"https:\/\/cnctulua.tv\/index.php?rest_route=\/wp\/v2\/media\/32841"}],"wp:attachment":[{"href":"https:\/\/cnctulua.tv\/index.php?rest_route=%2Fwp%2Fv2%2Fmedia&parent=32802"}],"wp:term":[{"taxonomy":"category","embeddable":true,"href":"https:\/\/cnctulua.tv\/index.php?rest_route=%2Fwp%2Fv2%2Fcategories&post=32802"},{"taxonomy":"post_tag","embeddable":true,"href":"https:\/\/cnctulua.tv\/index.php?rest_route=%2Fwp%2Fv2%2Ftags&post=32802"}],"curies":[{"name":"wp","href":"https:\/\/api.w.org\/{rel}","templated":true}]}}