{"id":32846,"date":"2025-04-07T20:29:30","date_gmt":"2025-04-07T20:29:30","guid":{"rendered":"https:\/\/cnctulua.tv\/?p=32846"},"modified":"2025-04-07T20:36:12","modified_gmt":"2025-04-07T20:36:12","slug":"buenaventura-en-el-foco-de-atencion-gobernadora-traslada-su-despacho-para-soluciones-urgentes","status":"publish","type":"post","link":"https:\/\/cnctulua.tv\/?p=32846","title":{"rendered":"BUENAVENTURA EN EL FOCO DE ATENCI\u00d3N: Gobernadora traslada su despacho para soluciones urgentes."},"content":{"rendered":"\n<figure class=\"wp-block-image size-large\"><img loading=\"lazy\" decoding=\"async\" width=\"1024\" height=\"576\" src=\"https:\/\/cnctulua.tv\/wp-content\/uploads\/2025\/04\/WhatsApp-Image-2025-04-06-at-11.02.06-AM-1024x576.jpeg\" alt=\"\" class=\"wp-image-32848\" srcset=\"https:\/\/cnctulua.tv\/wp-content\/uploads\/2025\/04\/WhatsApp-Image-2025-04-06-at-11.02.06-AM-1024x576.jpeg 1024w, https:\/\/cnctulua.tv\/wp-content\/uploads\/2025\/04\/WhatsApp-Image-2025-04-06-at-11.02.06-AM-300x169.jpeg 300w, https:\/\/cnctulua.tv\/wp-content\/uploads\/2025\/04\/WhatsApp-Image-2025-04-06-at-11.02.06-AM-768x432.jpeg 768w, https:\/\/cnctulua.tv\/wp-content\/uploads\/2025\/04\/WhatsApp-Image-2025-04-06-at-11.02.06-AM-1536x864.jpeg 1536w, https:\/\/cnctulua.tv\/wp-content\/uploads\/2025\/04\/WhatsApp-Image-2025-04-06-at-11.02.06-AM.jpeg 1600w\" sizes=\"auto, (max-width: 1024px) 100vw, 1024px\" \/><\/figure>\n\n\n\n<p>A partir de este lunes 7 de abril, la gobernadora del Valle del Cauca, Dilian Francisca Toro, traslad\u00f3 su despacho a Buenaventura, como parte de un esfuerzo por estar m\u00e1s cerca de la comunidad y atender de manera directa las serias problem\u00e1ticas que enfrenta el distrito. La medida surge debido a la creciente preocupaci\u00f3n por la situaci\u00f3n de seguridad, violencia y falta de oportunidades que aquejan a los bonaverenses, quienes se han visto sumidos en una grave crisis social y econ\u00f3mica.<\/p>\n\n\n\n<figure class=\"wp-block-embed is-type-video is-provider-youtube wp-block-embed-youtube wp-embed-aspect-16-9 wp-has-aspect-ratio\"><div class=\"wp-block-embed__wrapper\">\n<iframe loading=\"lazy\" title=\"La Gobernadora del Valle traslada su despacho a Buenaventura: \u00bfreal soluci\u00f3n a la crisis?\" width=\"640\" height=\"360\" src=\"https:\/\/www.youtube.com\/embed\/TS3qTvsGnWo?feature=oembed\" frameborder=\"0\" allow=\"accelerometer; autoplay; clipboard-write; encrypted-media; gyroscope; picture-in-picture; web-share\" referrerpolicy=\"strict-origin-when-cross-origin\" allowfullscreen><\/iframe>\n<\/div><\/figure>\n\n\n\n<p>El traslado tiene como objetivo coordinar acciones inmediatas para mejorar las condiciones de vida en la regi\u00f3n y reforzar la presencia de las autoridades en un territorio marcado por el desempleo, la inseguridad y la falta de infraestructura b\u00e1sica. A trav\u00e9s de esta medida, la Gobernaci\u00f3n busca visibilizar los desaf\u00edos de Buenaventura y redoblar esfuerzos para ofrecer soluciones m\u00e1s cercanas a la comunidad.<\/p>\n\n\n\n<figure class=\"wp-block-image size-large\"><img loading=\"lazy\" decoding=\"async\" width=\"1024\" height=\"682\" src=\"https:\/\/cnctulua.tv\/wp-content\/uploads\/2025\/04\/WhatsApp-Image-2025-04-06-at-11.02.05-AM-1024x682.jpeg\" alt=\"\" class=\"wp-image-32847\" srcset=\"https:\/\/cnctulua.tv\/wp-content\/uploads\/2025\/04\/WhatsApp-Image-2025-04-06-at-11.02.05-AM-1024x682.jpeg 1024w, https:\/\/cnctulua.tv\/wp-content\/uploads\/2025\/04\/WhatsApp-Image-2025-04-06-at-11.02.05-AM-300x200.jpeg 300w, https:\/\/cnctulua.tv\/wp-content\/uploads\/2025\/04\/WhatsApp-Image-2025-04-06-at-11.02.05-AM-768x512.jpeg 768w, https:\/\/cnctulua.tv\/wp-content\/uploads\/2025\/04\/WhatsApp-Image-2025-04-06-at-11.02.05-AM-1536x1023.jpeg 1536w, https:\/\/cnctulua.tv\/wp-content\/uploads\/2025\/04\/WhatsApp-Image-2025-04-06-at-11.02.05-AM.jpeg 1600w\" sizes=\"auto, (max-width: 1024px) 100vw, 1024px\" \/><\/figure>\n\n\n\n<p>La decisi\u00f3n de la gobernadora tambi\u00e9n responde a la necesidad de agilizar los proyectos en marcha y generar un impacto m\u00e1s directo en los barrios m\u00e1s afectados. Con el despacho en la ciudad portuaria, se espera que las autoridades puedan tomar decisiones m\u00e1s r\u00e1pidas y adaptadas a la realidad de la poblaci\u00f3n, adem\u00e1s de ofrecer un apoyo m\u00e1s cercano ante la crisis que vive el municipio.<\/p>\n","protected":false},"excerpt":{"rendered":"<p>A partir de este lunes 7 de abril, la gobernadora del Valle del Cauca, Dilian Francisca Toro, traslad\u00f3 su despacho a Buenaventura, como parte de un esfuerzo por estar m\u00e1s cerca de la comunidad y atender de manera directa las serias problem\u00e1ticas que enfrenta el distrito. La medida surge debido a la creciente preocupaci\u00f3n por [&hellip;]<\/p>\n","protected":false},"author":3,"featured_media":32848,"comment_status":"open","ping_status":"open","sticky":false,"template":"","format":"video","meta":{"footnotes":""},"categories":[1],"tags":[],"class_list":["post-32846","post","type-post","status-publish","format-video","has-post-thumbnail","hentry","category-uncategorized","post_format-post-format-video"],"_links":{"self":[{"href":"https:\/\/cnctulua.tv\/index.php?rest_route=\/wp\/v2\/posts\/32846","targetHints":{"allow":["GET"]}}],"collection":[{"href":"https:\/\/cnctulua.tv\/index.php?rest_route=\/wp\/v2\/posts"}],"about":[{"href":"https:\/\/cnctulua.tv\/index.php?rest_route=\/wp\/v2\/types\/post"}],"author":[{"embeddable":true,"href":"https:\/\/cnctulua.tv\/index.php?rest_route=\/wp\/v2\/users\/3"}],"replies":[{"embeddable":true,"href":"https:\/\/cnctulua.tv\/index.php?rest_route=%2Fwp%2Fv2%2Fcomments&post=32846"}],"version-history":[{"count":1,"href":"https:\/\/cnctulua.tv\/index.php?rest_route=\/wp\/v2\/posts\/32846\/revisions"}],"predecessor-version":[{"id":32849,"href":"https:\/\/cnctulua.tv\/index.php?rest_route=\/wp\/v2\/posts\/32846\/revisions\/32849"}],"wp:featuredmedia":[{"embeddable":true,"href":"https:\/\/cnctulua.tv\/index.php?rest_route=\/wp\/v2\/media\/32848"}],"wp:attachment":[{"href":"https:\/\/cnctulua.tv\/index.php?rest_route=%2Fwp%2Fv2%2Fmedia&parent=32846"}],"wp:term":[{"taxonomy":"category","embeddable":true,"href":"https:\/\/cnctulua.tv\/index.php?rest_route=%2Fwp%2Fv2%2Fcategories&post=32846"},{"taxonomy":"post_tag","embeddable":true,"href":"https:\/\/cnctulua.tv\/index.php?rest_route=%2Fwp%2Fv2%2Ftags&post=32846"}],"curies":[{"name":"wp","href":"https:\/\/api.w.org\/{rel}","templated":true}]}}