{"id":32850,"date":"2025-04-07T20:32:46","date_gmt":"2025-04-07T20:32:46","guid":{"rendered":"https:\/\/cnctulua.tv\/?p=32850"},"modified":"2025-04-07T20:36:24","modified_gmt":"2025-04-07T20:36:24","slug":"incumplimientos-del-paro-civico-de-2017-afectan-a-buenaventura-crisis-del-agua-y-otros-compromisos-pendientes","status":"publish","type":"post","link":"https:\/\/cnctulua.tv\/?p=32850","title":{"rendered":"Incumplimientos del Paro C\u00edvico de 2017 Afectan a Buenaventura: CRISIS DEL AGUA Y OTROS COMPROMISOS PENDIENTES"},"content":{"rendered":"\n<p>La crisis que enfrenta Buenaventura sigue siendo una de las principales preocupaciones para sus habitantes, a pesar de los compromisos adquiridos por el Gobierno Nacional durante el Paro C\u00edvico de 2017. En particular, el cumplimiento de los acuerdos relacionados con la construcci\u00f3n de un acueducto que garantice el acceso al agua potable para los bonaverenses ha sido uno de los temas m\u00e1s demandados y a\u00fan no resueltos. La gobernadora del Valle del Cauca, Dilian Francisca Toro, expres\u00f3 su frustraci\u00f3n por el incumplimiento de estos compromisos, se\u00f1alando que, a pesar de las reuniones realizadas, no se han tomado decisiones efectivas para abordar el problema del agua en el puerto.<\/p>\n\n\n\n<figure class=\"wp-block-image size-large\"><img loading=\"lazy\" decoding=\"async\" width=\"1024\" height=\"616\" src=\"https:\/\/cnctulua.tv\/wp-content\/uploads\/2025\/04\/WhatsApp-Image-2025-04-04-at-12.18.30-PM-1-1024x616.jpeg\" alt=\"\" class=\"wp-image-32851\" srcset=\"https:\/\/cnctulua.tv\/wp-content\/uploads\/2025\/04\/WhatsApp-Image-2025-04-04-at-12.18.30-PM-1-1024x616.jpeg 1024w, https:\/\/cnctulua.tv\/wp-content\/uploads\/2025\/04\/WhatsApp-Image-2025-04-04-at-12.18.30-PM-1-300x181.jpeg 300w, https:\/\/cnctulua.tv\/wp-content\/uploads\/2025\/04\/WhatsApp-Image-2025-04-04-at-12.18.30-PM-1-768x462.jpeg 768w, https:\/\/cnctulua.tv\/wp-content\/uploads\/2025\/04\/WhatsApp-Image-2025-04-04-at-12.18.30-PM-1-1536x925.jpeg 1536w, https:\/\/cnctulua.tv\/wp-content\/uploads\/2025\/04\/WhatsApp-Image-2025-04-04-at-12.18.30-PM-1-2048x1233.jpeg 2048w\" sizes=\"auto, (max-width: 1024px) 100vw, 1024px\" \/><\/figure>\n\n\n\n<p>\u201cHoy estamos con los l\u00edderes del Paro C\u00edvico, hablando sobre c\u00f3mo organizar el suministro de agua, pero las decisiones necesarias a\u00fan no se toman para que el agua llegue a los bonaverenses\u201d, asegur\u00f3 la mandataria. Esta situaci\u00f3n refleja el desajuste entre los acuerdos pactados y las soluciones concretas que se han implementado hasta ahora.<\/p>\n\n\n\n<figure class=\"wp-block-embed is-type-video is-provider-youtube wp-block-embed-youtube wp-embed-aspect-16-9 wp-has-aspect-ratio\"><div class=\"wp-block-embed__wrapper\">\n<iframe loading=\"lazy\" title=\"\u00bfPor qu\u00e9 sigue sin llegar el agua a Buenaventura? \ud83d\udca7\ud83d\udeb1\" width=\"640\" height=\"360\" src=\"https:\/\/www.youtube.com\/embed\/Y44LhotyvDg?feature=oembed\" frameborder=\"0\" allow=\"accelerometer; autoplay; clipboard-write; encrypted-media; gyroscope; picture-in-picture; web-share\" referrerpolicy=\"strict-origin-when-cross-origin\" allowfullscreen><\/iframe>\n<\/div><\/figure>\n\n\n\n<p>El acueducto es solo uno de los aspectos que siguen pendientes para Buenaventura, un municipio que enfrenta m\u00faltiples desaf\u00edos. A pesar de los esfuerzos por parte de la Gobernaci\u00f3n del Valle y la Alcald\u00eda de Buenaventura, como los programas ValleINN+, Fonder Valle, y Digicampus, los problemas de infraestructura, violencia y desempleo persisten. Seg\u00fan Toro, la falta de recursos y de una coordinaci\u00f3n efectiva entre las autoridades locales y nacionales impide avanzar de manera \u00e1gil en proyectos de desarrollo.<\/p>\n\n\n\n<p>Con el objetivo de encontrar una soluci\u00f3n a la crisis del agua, la gobernadora anunci\u00f3 una reuni\u00f3n programada para el lunes 7 de abril con el Gobierno Nacional y empresarios, en la que se discutir\u00e1n posibles soluciones de financiamiento a trav\u00e9s de obras por impuestos para poder completar el acueducto. Sin embargo, la comunidad se mantiene esc\u00e9ptica ante los anuncios, pues muchos ven en estos compromisos solo promesas sin un avance real.<\/p>\n\n\n\n<p>El municipio tambi\u00e9n enfrenta altos \u00edndices de violencia que afectan a los bonaverenses, especialmente en las zonas m\u00e1s vulnerables. En respuesta a esta situaci\u00f3n, el 2 de abril se celebr\u00f3 un Consejo de Seguridad, donde se anunci\u00f3 un plan de choque con la Fuerza P\u00fablica para recuperar el control territorial y devolver la tranquilidad a los ciudadanos. Aunque estas medidas son vistas como necesarias, la inseguridad en Buenaventura requiere de un enfoque integral que, adem\u00e1s de la acci\u00f3n policial, aborde las causas subyacentes de la violencia.<\/p>\n\n\n\n<figure class=\"wp-block-image size-large\"><img loading=\"lazy\" decoding=\"async\" width=\"1024\" height=\"561\" src=\"https:\/\/cnctulua.tv\/wp-content\/uploads\/2025\/04\/WhatsApp-Image-2025-04-06-at-11.02.07-AM-1024x561.jpeg\" alt=\"\" class=\"wp-image-32852\" srcset=\"https:\/\/cnctulua.tv\/wp-content\/uploads\/2025\/04\/WhatsApp-Image-2025-04-06-at-11.02.07-AM-1024x561.jpeg 1024w, https:\/\/cnctulua.tv\/wp-content\/uploads\/2025\/04\/WhatsApp-Image-2025-04-06-at-11.02.07-AM-300x164.jpeg 300w, https:\/\/cnctulua.tv\/wp-content\/uploads\/2025\/04\/WhatsApp-Image-2025-04-06-at-11.02.07-AM-768x421.jpeg 768w, https:\/\/cnctulua.tv\/wp-content\/uploads\/2025\/04\/WhatsApp-Image-2025-04-06-at-11.02.07-AM-1536x842.jpeg 1536w, https:\/\/cnctulua.tv\/wp-content\/uploads\/2025\/04\/WhatsApp-Image-2025-04-06-at-11.02.07-AM.jpeg 1600w\" sizes=\"auto, (max-width: 1024px) 100vw, 1024px\" \/><\/figure>\n\n\n\n<p>La situaci\u00f3n en Buenaventura sigue siendo compleja. Los compromisos adquiridos durante el Paro C\u00edvico de 2017, que inclu\u00edan soluciones para el acceso al agua y el desarrollo econ\u00f3mico del distrito, a\u00fan no se han cumplido en su totalidad. La falta de acci\u00f3n concreta por parte del Gobierno Nacional sigue siendo un obst\u00e1culo para el progreso de Buenaventura, y sus habitantes contin\u00faan esperando que las promesas se conviertan en soluciones reales y efectivas.<\/p>\n\n\n\n<p><\/p>\n","protected":false},"excerpt":{"rendered":"<p>La crisis que enfrenta Buenaventura sigue siendo una de las principales preocupaciones para sus habitantes, a pesar de los compromisos adquiridos por el Gobierno Nacional durante el Paro C\u00edvico de 2017. En particular, el cumplimiento de los acuerdos relacionados con la construcci\u00f3n de un acueducto que garantice el acceso al agua potable para los bonaverenses [&hellip;]<\/p>\n","protected":false},"author":3,"featured_media":32847,"comment_status":"open","ping_status":"open","sticky":false,"template":"","format":"video","meta":{"footnotes":""},"categories":[1],"tags":[],"class_list":["post-32850","post","type-post","status-publish","format-video","has-post-thumbnail","hentry","category-uncategorized","post_format-post-format-video"],"_links":{"self":[{"href":"https:\/\/cnctulua.tv\/index.php?rest_route=\/wp\/v2\/posts\/32850","targetHints":{"allow":["GET"]}}],"collection":[{"href":"https:\/\/cnctulua.tv\/index.php?rest_route=\/wp\/v2\/posts"}],"about":[{"href":"https:\/\/cnctulua.tv\/index.php?rest_route=\/wp\/v2\/types\/post"}],"author":[{"embeddable":true,"href":"https:\/\/cnctulua.tv\/index.php?rest_route=\/wp\/v2\/users\/3"}],"replies":[{"embeddable":true,"href":"https:\/\/cnctulua.tv\/index.php?rest_route=%2Fwp%2Fv2%2Fcomments&post=32850"}],"version-history":[{"count":1,"href":"https:\/\/cnctulua.tv\/index.php?rest_route=\/wp\/v2\/posts\/32850\/revisions"}],"predecessor-version":[{"id":32853,"href":"https:\/\/cnctulua.tv\/index.php?rest_route=\/wp\/v2\/posts\/32850\/revisions\/32853"}],"wp:featuredmedia":[{"embeddable":true,"href":"https:\/\/cnctulua.tv\/index.php?rest_route=\/wp\/v2\/media\/32847"}],"wp:attachment":[{"href":"https:\/\/cnctulua.tv\/index.php?rest_route=%2Fwp%2Fv2%2Fmedia&parent=32850"}],"wp:term":[{"taxonomy":"category","embeddable":true,"href":"https:\/\/cnctulua.tv\/index.php?rest_route=%2Fwp%2Fv2%2Fcategories&post=32850"},{"taxonomy":"post_tag","embeddable":true,"href":"https:\/\/cnctulua.tv\/index.php?rest_route=%2Fwp%2Fv2%2Ftags&post=32850"}],"curies":[{"name":"wp","href":"https:\/\/api.w.org\/{rel}","templated":true}]}}