{"id":32859,"date":"2025-04-07T20:38:25","date_gmt":"2025-04-07T20:38:25","guid":{"rendered":"https:\/\/cnctulua.tv\/?p=32859"},"modified":"2025-04-07T20:38:25","modified_gmt":"2025-04-07T20:38:25","slug":"semana-santa-vacunarse-contra-la-fiebre-amarilla-una-medida-clave-antes-de-viajar","status":"publish","type":"post","link":"https:\/\/cnctulua.tv\/?p=32859","title":{"rendered":"SEMANA SANTA: Vacunarse contra la fiebre amarilla, una medida clave antes de viajar"},"content":{"rendered":"\n<p>En medio del aumento de desplazamientos por la temporada de Semana Santa, las autoridades sanitarias del Valle del Cauca advierten sobre el riesgo de contagio por fiebre amarilla en algunas zonas del pa\u00eds. Aunque en el departamento no se han registrado casos recientes, el llamado es claro: quienes planean viajar deben vacunarse con anticipaci\u00f3n para evitar complicaciones de salud.<\/p>\n\n\n\n<figure class=\"wp-block-embed is-type-video is-provider-youtube wp-block-embed-youtube wp-embed-aspect-16-9 wp-has-aspect-ratio\"><div class=\"wp-block-embed__wrapper\">\n<iframe loading=\"lazy\" title=\"\ud83c\udf0d\u2708\ufe0f Viajar en Semana Santa podr\u00eda implicar riesgo de fiebre amarilla si no se est\u00e1 vacunado\" width=\"640\" height=\"360\" src=\"https:\/\/www.youtube.com\/embed\/kqKbprfJPQw?feature=oembed\" frameborder=\"0\" allow=\"accelerometer; autoplay; clipboard-write; encrypted-media; gyroscope; picture-in-picture; web-share\" referrerpolicy=\"strict-origin-when-cross-origin\" allowfullscreen><\/iframe>\n<\/div><\/figure>\n\n\n\n<p>El virus de la fiebre amarilla, transmitido por el mosquito Aedes Aegypti, sigue presente en regiones como Tolima, Choc\u00f3, Cauca, Nari\u00f1o, Amazonas, Guain\u00eda y Putumayo. Adem\u00e1s, destinos tur\u00edsticos como San Andr\u00e9s se mantienen bajo vigilancia epidemiol\u00f3gica debido al alto flujo de visitantes, pese a no contar con casos confirmados.<\/p>\n\n\n\n<figure class=\"wp-block-image size-full\"><img loading=\"lazy\" decoding=\"async\" width=\"600\" height=\"400\" src=\"https:\/\/cnctulua.tv\/wp-content\/uploads\/2025\/04\/WhatsApp-Image-2025-04-05-at-9.17.09-AM-2.jpeg\" alt=\"\" class=\"wp-image-32860\" srcset=\"https:\/\/cnctulua.tv\/wp-content\/uploads\/2025\/04\/WhatsApp-Image-2025-04-05-at-9.17.09-AM-2.jpeg 600w, https:\/\/cnctulua.tv\/wp-content\/uploads\/2025\/04\/WhatsApp-Image-2025-04-05-at-9.17.09-AM-2-300x200.jpeg 300w\" sizes=\"auto, (max-width: 600px) 100vw, 600px\" \/><\/figure>\n\n\n\n<p>La fiebre amarilla es una enfermedad viral grave que puede ser mortal si no se detecta y trata a tiempo. Entre los s\u00edntomas m\u00e1s frecuentes se encuentran la fiebre, el dolor abdominal, la p\u00e9rdida de apetito, la orina oscura y la coloraci\u00f3n amarilla en ojos y piel. Estos signos suelen confundirse con otras patolog\u00edas, lo que dificulta el diagn\u00f3stico oportuno.<\/p>\n\n\n\n<p>La vacuna es gratuita, segura y est\u00e1 disponible para todas las personas a partir de los nueve a\u00f1os de edad. Las autoridades recomiendan aplicarla al menos diez d\u00edas antes del viaje, ya que ese es el tiempo que el cuerpo necesita para generar una respuesta inmunol\u00f3gica eficaz.<\/p>\n\n\n\n<p>M\u00e1s all\u00e1 de una sugerencia, vacunarse es una acci\u00f3n preventiva que protege no solo al viajero, sino tambi\u00e9n a la comunidad en general. Ante cualquier duda, se invita a la ciudadan\u00eda a acercarse a los centros de salud y consultar sobre los puntos de vacunaci\u00f3n habilitados.<\/p>\n","protected":false},"excerpt":{"rendered":"<p>En medio del aumento de desplazamientos por la temporada de Semana Santa, las autoridades sanitarias del Valle del Cauca advierten sobre el riesgo de contagio por fiebre amarilla en algunas zonas del pa\u00eds. Aunque en el departamento no se han registrado casos recientes, el llamado es claro: quienes planean viajar deben vacunarse con anticipaci\u00f3n para [&hellip;]<\/p>\n","protected":false},"author":3,"featured_media":32861,"comment_status":"open","ping_status":"open","sticky":false,"template":"","format":"video","meta":{"footnotes":""},"categories":[10],"tags":[],"class_list":["post-32859","post","type-post","status-publish","format-video","has-post-thumbnail","hentry","category-cnc-noticias-tulua","post_format-post-format-video"],"_links":{"self":[{"href":"https:\/\/cnctulua.tv\/index.php?rest_route=\/wp\/v2\/posts\/32859","targetHints":{"allow":["GET"]}}],"collection":[{"href":"https:\/\/cnctulua.tv\/index.php?rest_route=\/wp\/v2\/posts"}],"about":[{"href":"https:\/\/cnctulua.tv\/index.php?rest_route=\/wp\/v2\/types\/post"}],"author":[{"embeddable":true,"href":"https:\/\/cnctulua.tv\/index.php?rest_route=\/wp\/v2\/users\/3"}],"replies":[{"embeddable":true,"href":"https:\/\/cnctulua.tv\/index.php?rest_route=%2Fwp%2Fv2%2Fcomments&post=32859"}],"version-history":[{"count":1,"href":"https:\/\/cnctulua.tv\/index.php?rest_route=\/wp\/v2\/posts\/32859\/revisions"}],"predecessor-version":[{"id":32862,"href":"https:\/\/cnctulua.tv\/index.php?rest_route=\/wp\/v2\/posts\/32859\/revisions\/32862"}],"wp:featuredmedia":[{"embeddable":true,"href":"https:\/\/cnctulua.tv\/index.php?rest_route=\/wp\/v2\/media\/32861"}],"wp:attachment":[{"href":"https:\/\/cnctulua.tv\/index.php?rest_route=%2Fwp%2Fv2%2Fmedia&parent=32859"}],"wp:term":[{"taxonomy":"category","embeddable":true,"href":"https:\/\/cnctulua.tv\/index.php?rest_route=%2Fwp%2Fv2%2Fcategories&post=32859"},{"taxonomy":"post_tag","embeddable":true,"href":"https:\/\/cnctulua.tv\/index.php?rest_route=%2Fwp%2Fv2%2Ftags&post=32859"}],"curies":[{"name":"wp","href":"https:\/\/api.w.org\/{rel}","templated":true}]}}