{"id":32863,"date":"2025-04-07T20:43:30","date_gmt":"2025-04-07T20:43:30","guid":{"rendered":"https:\/\/cnctulua.tv\/?p=32863"},"modified":"2025-04-07T20:43:30","modified_gmt":"2025-04-07T20:43:30","slug":"evacuacion-en-jamundi-las-fuertes-lluvias-obligan-a-resguardar-a-las-comunidades-afectadas","status":"publish","type":"post","link":"https:\/\/cnctulua.tv\/?p=32863","title":{"rendered":"EVACUACI\u00d3N EN JAMUND\u00cd: las fuertes lluvias obligan a resguardar a las comunidades afectadas"},"content":{"rendered":"\n<p>La Oficina de Gesti\u00f3n del Riesgo de Jamund\u00ed, ha activado un protocolo de evacuaci\u00f3n preventiva para las comunidades de Las Pilas y La Ventura debido a las intensas lluvias que se han registrado en las \u00faltimas horas. Las precipitaciones, que han afectado diversas zonas del municipio, han incrementado el riesgo de deslizamientos y crecientes s\u00fabitas en los cauces cercanos.<\/p>\n\n\n\n<figure class=\"wp-block-image size-large\"><img loading=\"lazy\" decoding=\"async\" width=\"1024\" height=\"594\" src=\"https:\/\/cnctulua.tv\/wp-content\/uploads\/2025\/04\/Piezas-web-2025-04-04T123712.809-1024x594.webp\" alt=\"\" class=\"wp-image-32866\" srcset=\"https:\/\/cnctulua.tv\/wp-content\/uploads\/2025\/04\/Piezas-web-2025-04-04T123712.809-1024x594.webp 1024w, https:\/\/cnctulua.tv\/wp-content\/uploads\/2025\/04\/Piezas-web-2025-04-04T123712.809-300x174.webp 300w, https:\/\/cnctulua.tv\/wp-content\/uploads\/2025\/04\/Piezas-web-2025-04-04T123712.809-768x445.webp 768w, https:\/\/cnctulua.tv\/wp-content\/uploads\/2025\/04\/Piezas-web-2025-04-04T123712.809.webp 1200w\" sizes=\"auto, (max-width: 1024px) 100vw, 1024px\" \/><\/figure>\n\n\n\n<p>Ante esta situaci\u00f3n, los habitantes de estas zonas fueron trasladados a un refugio transitorio seguro, donde recibir\u00e1n asistencia y podr\u00e1n resguardarse hasta que las condiciones mejoren. Aunque no se han reportado v\u00edctimas fatales, las autoridades mantienen el monitoreo de la zona y contin\u00faan con las labores de evaluaci\u00f3n de riesgos. Las lluvias contin\u00faan en la regi\u00f3n, por lo que se mantiene la alerta en otras \u00e1reas vulnerables del municipio.<\/p>\n\n\n\n<figure class=\"wp-block-embed is-type-video is-provider-youtube wp-block-embed-youtube wp-embed-aspect-16-9 wp-has-aspect-ratio\"><div class=\"wp-block-embed__wrapper\">\n<iframe loading=\"lazy\" title=\"\ud83c\udf27\ufe0f\ud83d\udea8 Evacuaci\u00f3n en Jamund\u00ed por intensas lluvias: Las Pilas y La Ventura en alerta\" width=\"640\" height=\"360\" src=\"https:\/\/www.youtube.com\/embed\/E6JRbWF2RGk?feature=oembed\" frameborder=\"0\" allow=\"accelerometer; autoplay; clipboard-write; encrypted-media; gyroscope; picture-in-picture; web-share\" referrerpolicy=\"strict-origin-when-cross-origin\" allowfullscreen><\/iframe>\n<\/div><\/figure>\n\n\n\n<p>Las autoridades locales, en coordinaci\u00f3n con los organismos de socorro, trabajan para garantizar la seguridad de los residentes de Jamund\u00ed, quienes han recibido instrucciones sobre medidas preventivas para evitar cualquier tipo de emergencia. La Oficina de Gesti\u00f3n del Riesgo sigue de cerca la evoluci\u00f3n del clima y asegura que continuar\u00e1 brindando apoyo y actualizaciones a la comunidad.<\/p>\n","protected":false},"excerpt":{"rendered":"<p>La Oficina de Gesti\u00f3n del Riesgo de Jamund\u00ed, ha activado un protocolo de evacuaci\u00f3n preventiva para las comunidades de Las Pilas y La Ventura debido a las intensas lluvias que se han registrado en las \u00faltimas horas. Las precipitaciones, que han afectado diversas zonas del municipio, han incrementado el riesgo de deslizamientos y crecientes s\u00fabitas [&hellip;]<\/p>\n","protected":false},"author":3,"featured_media":32867,"comment_status":"open","ping_status":"open","sticky":false,"template":"","format":"video","meta":{"footnotes":""},"categories":[10],"tags":[],"class_list":["post-32863","post","type-post","status-publish","format-video","has-post-thumbnail","hentry","category-cnc-noticias-tulua","post_format-post-format-video"],"_links":{"self":[{"href":"https:\/\/cnctulua.tv\/index.php?rest_route=\/wp\/v2\/posts\/32863","targetHints":{"allow":["GET"]}}],"collection":[{"href":"https:\/\/cnctulua.tv\/index.php?rest_route=\/wp\/v2\/posts"}],"about":[{"href":"https:\/\/cnctulua.tv\/index.php?rest_route=\/wp\/v2\/types\/post"}],"author":[{"embeddable":true,"href":"https:\/\/cnctulua.tv\/index.php?rest_route=\/wp\/v2\/users\/3"}],"replies":[{"embeddable":true,"href":"https:\/\/cnctulua.tv\/index.php?rest_route=%2Fwp%2Fv2%2Fcomments&post=32863"}],"version-history":[{"count":1,"href":"https:\/\/cnctulua.tv\/index.php?rest_route=\/wp\/v2\/posts\/32863\/revisions"}],"predecessor-version":[{"id":32868,"href":"https:\/\/cnctulua.tv\/index.php?rest_route=\/wp\/v2\/posts\/32863\/revisions\/32868"}],"wp:featuredmedia":[{"embeddable":true,"href":"https:\/\/cnctulua.tv\/index.php?rest_route=\/wp\/v2\/media\/32867"}],"wp:attachment":[{"href":"https:\/\/cnctulua.tv\/index.php?rest_route=%2Fwp%2Fv2%2Fmedia&parent=32863"}],"wp:term":[{"taxonomy":"category","embeddable":true,"href":"https:\/\/cnctulua.tv\/index.php?rest_route=%2Fwp%2Fv2%2Fcategories&post=32863"},{"taxonomy":"post_tag","embeddable":true,"href":"https:\/\/cnctulua.tv\/index.php?rest_route=%2Fwp%2Fv2%2Ftags&post=32863"}],"curies":[{"name":"wp","href":"https:\/\/api.w.org\/{rel}","templated":true}]}}