{"id":32869,"date":"2025-04-07T20:46:47","date_gmt":"2025-04-07T20:46:47","guid":{"rendered":"https:\/\/cnctulua.tv\/?p=32869"},"modified":"2025-04-07T20:46:47","modified_gmt":"2025-04-07T20:46:47","slug":"tulua-enfrenta-bloqueo-de-via-tras-fuerte-deslizamiento-que-medidas-se-estan-tomando","status":"publish","type":"post","link":"https:\/\/cnctulua.tv\/?p=32869","title":{"rendered":"Tulu\u00e1 enfrenta bloqueo de v\u00eda tras fuerte deslizamiento: \u00bfQU\u00c9 MEDIDAS SE EST\u00c1N TOMANDO?"},"content":{"rendered":"\n<p>El 4 de abril, un deslizamiento de tierra bloque\u00f3 la v\u00eda que conecta el sector de La Luisa, en la zona rural de Tulu\u00e1, con la v\u00eda San Rafael, interrumpiendo el paso hacia sectores como Barrag\u00e1n. El deslizamiento, ocurrido en la noche del viernes, dej\u00f3 a la comunidad local y a quienes transitaban por la ruta sin acceso, lo que gener\u00f3 una situaci\u00f3n de emergencia en la zona.<\/p>\n\n\n\n<figure class=\"wp-block-image size-large\"><img loading=\"lazy\" decoding=\"async\" width=\"1024\" height=\"768\" src=\"https:\/\/cnctulua.tv\/wp-content\/uploads\/2025\/04\/WhatsApp-Image-2025-04-05-at-6.02.08-PM-1024x768.jpeg\" alt=\"\" class=\"wp-image-32870\" srcset=\"https:\/\/cnctulua.tv\/wp-content\/uploads\/2025\/04\/WhatsApp-Image-2025-04-05-at-6.02.08-PM-1024x768.jpeg 1024w, https:\/\/cnctulua.tv\/wp-content\/uploads\/2025\/04\/WhatsApp-Image-2025-04-05-at-6.02.08-PM-300x225.jpeg 300w, https:\/\/cnctulua.tv\/wp-content\/uploads\/2025\/04\/WhatsApp-Image-2025-04-05-at-6.02.08-PM-768x576.jpeg 768w, https:\/\/cnctulua.tv\/wp-content\/uploads\/2025\/04\/WhatsApp-Image-2025-04-05-at-6.02.08-PM.jpeg 1280w\" sizes=\"auto, (max-width: 1024px) 100vw, 1024px\" \/><\/figure>\n\n\n\n<p>La comunidad afectada alert\u00f3 r\u00e1pidamente a las autoridades, quienes movilizaron maquinaria pesada para realizar labores de despeje y restaurar la movilidad en la v\u00eda. A pesar de la pronta respuesta, la emergencia subraya la fragilidad de las infraestructuras rurales, que se ven constantemente afectadas por los fen\u00f3menos naturales, especialmente durante la temporada de lluvias.<\/p>\n\n\n\n<figure class=\"wp-block-embed is-type-video is-provider-youtube wp-block-embed-youtube wp-embed-aspect-16-9 wp-has-aspect-ratio\"><div class=\"wp-block-embed__wrapper\">\n<iframe loading=\"lazy\" title=\"Deslizamiento bloquea importante v\u00eda en Tulu\u00e1: \u00bfc\u00f3mo se resolvi\u00f3 la emergencia?\ud83c\udf27\ufe0f\ud83d\udea8\" width=\"640\" height=\"360\" src=\"https:\/\/www.youtube.com\/embed\/sxKSY7hTxww?feature=oembed\" frameborder=\"0\" allow=\"accelerometer; autoplay; clipboard-write; encrypted-media; gyroscope; picture-in-picture; web-share\" referrerpolicy=\"strict-origin-when-cross-origin\" allowfullscreen><\/iframe>\n<\/div><\/figure>\n\n\n\n<p>El s\u00e1bado 5 de abril, despu\u00e9s de intensas jornadas de trabajo, la v\u00eda fue despejada por completo, permitiendo el restablecimiento de la circulaci\u00f3n. Aunque se logr\u00f3 resolver la emergencia, la situaci\u00f3n dej\u00f3 en evidencia la falta de medidas preventivas adecuadas que podr\u00edan haber evitado el bloqueo de la v\u00eda. Los habitantes de las zonas rurales expresaron su preocupaci\u00f3n sobre la constante vulnerabilidad de estas v\u00edas ante las lluvias y deslizamientos, lo que afecta la calidad de vida y la movilidad.<\/p>\n\n\n\n<figure class=\"wp-block-image size-large\"><img loading=\"lazy\" decoding=\"async\" width=\"1024\" height=\"768\" src=\"https:\/\/cnctulua.tv\/wp-content\/uploads\/2025\/04\/WhatsApp-Image-2025-04-05-at-6.02.10-PM-1024x768.jpeg\" alt=\"\" class=\"wp-image-32872\" srcset=\"https:\/\/cnctulua.tv\/wp-content\/uploads\/2025\/04\/WhatsApp-Image-2025-04-05-at-6.02.10-PM-1024x768.jpeg 1024w, https:\/\/cnctulua.tv\/wp-content\/uploads\/2025\/04\/WhatsApp-Image-2025-04-05-at-6.02.10-PM-300x225.jpeg 300w, https:\/\/cnctulua.tv\/wp-content\/uploads\/2025\/04\/WhatsApp-Image-2025-04-05-at-6.02.10-PM-768x576.jpeg 768w, https:\/\/cnctulua.tv\/wp-content\/uploads\/2025\/04\/WhatsApp-Image-2025-04-05-at-6.02.10-PM-1536x1153.jpeg 1536w, https:\/\/cnctulua.tv\/wp-content\/uploads\/2025\/04\/WhatsApp-Image-2025-04-05-at-6.02.10-PM.jpeg 1599w\" sizes=\"auto, (max-width: 1024px) 100vw, 1024px\" \/><\/figure>\n\n\n\n<p>Este incidente resalta la importancia de fortalecer la infraestructura en las \u00e1reas rurales y mejorar la preparaci\u00f3n ante eventos clim\u00e1ticos extremos, los cuales son cada vez m\u00e1s frecuentes en la regi\u00f3n. Las autoridades locales, en coordinaci\u00f3n con la comunidad, deber\u00e1n continuar trabajando en la prevenci\u00f3n y mitigaci\u00f3n de estos riesgos para evitar futuras emergencias.<\/p>\n","protected":false},"excerpt":{"rendered":"<p>El 4 de abril, un deslizamiento de tierra bloque\u00f3 la v\u00eda que conecta el sector de La Luisa, en la zona rural de Tulu\u00e1, con la v\u00eda San Rafael, interrumpiendo el paso hacia sectores como Barrag\u00e1n. El deslizamiento, ocurrido en la noche del viernes, dej\u00f3 a la comunidad local y a quienes transitaban por la [&hellip;]<\/p>\n","protected":false},"author":3,"featured_media":32871,"comment_status":"open","ping_status":"open","sticky":false,"template":"","format":"video","meta":{"footnotes":""},"categories":[10],"tags":[],"class_list":["post-32869","post","type-post","status-publish","format-video","has-post-thumbnail","hentry","category-cnc-noticias-tulua","post_format-post-format-video"],"_links":{"self":[{"href":"https:\/\/cnctulua.tv\/index.php?rest_route=\/wp\/v2\/posts\/32869","targetHints":{"allow":["GET"]}}],"collection":[{"href":"https:\/\/cnctulua.tv\/index.php?rest_route=\/wp\/v2\/posts"}],"about":[{"href":"https:\/\/cnctulua.tv\/index.php?rest_route=\/wp\/v2\/types\/post"}],"author":[{"embeddable":true,"href":"https:\/\/cnctulua.tv\/index.php?rest_route=\/wp\/v2\/users\/3"}],"replies":[{"embeddable":true,"href":"https:\/\/cnctulua.tv\/index.php?rest_route=%2Fwp%2Fv2%2Fcomments&post=32869"}],"version-history":[{"count":1,"href":"https:\/\/cnctulua.tv\/index.php?rest_route=\/wp\/v2\/posts\/32869\/revisions"}],"predecessor-version":[{"id":32873,"href":"https:\/\/cnctulua.tv\/index.php?rest_route=\/wp\/v2\/posts\/32869\/revisions\/32873"}],"wp:featuredmedia":[{"embeddable":true,"href":"https:\/\/cnctulua.tv\/index.php?rest_route=\/wp\/v2\/media\/32871"}],"wp:attachment":[{"href":"https:\/\/cnctulua.tv\/index.php?rest_route=%2Fwp%2Fv2%2Fmedia&parent=32869"}],"wp:term":[{"taxonomy":"category","embeddable":true,"href":"https:\/\/cnctulua.tv\/index.php?rest_route=%2Fwp%2Fv2%2Fcategories&post=32869"},{"taxonomy":"post_tag","embeddable":true,"href":"https:\/\/cnctulua.tv\/index.php?rest_route=%2Fwp%2Fv2%2Ftags&post=32869"}],"curies":[{"name":"wp","href":"https:\/\/api.w.org\/{rel}","templated":true}]}}