{"id":32879,"date":"2025-04-07T20:54:36","date_gmt":"2025-04-07T20:54:36","guid":{"rendered":"https:\/\/cnctulua.tv\/?p=32879"},"modified":"2025-04-07T20:54:36","modified_gmt":"2025-04-07T20:54:36","slug":"el-valle-del-cauca-enfrenta-emergencias-por-fuertes-lluvias-y-fenomenos-climaticos","status":"publish","type":"post","link":"https:\/\/cnctulua.tv\/?p=32879","title":{"rendered":"EL VALLE DEL CAUCA enfrenta emergencias por fuertes lluvias y fen\u00f3menos clim\u00e1ticos"},"content":{"rendered":"\n<p>El Valle del Cauca sigue en estado de alerta tras las intensas lluvias que se han presentado en las \u00faltimas horas, afectando varios municipios del departamento. En coordinaci\u00f3n con las alcald\u00edas municipales y los organismos de socorro, la Gobernaci\u00f3n del Valle mantiene un monitoreo constante de la situaci\u00f3n, especialmente sobre los niveles de los r\u00edos, ante el riesgo de crecientes s\u00fabitas y remociones en masa.<\/p>\n\n\n\n<figure class=\"wp-block-image size-large\"><img loading=\"lazy\" decoding=\"async\" width=\"1024\" height=\"576\" src=\"https:\/\/cnctulua.tv\/wp-content\/uploads\/2025\/04\/WhatsApp-Image-2025-04-04-at-3.41.31-PM-1-1024x576.jpeg\" alt=\"\" class=\"wp-image-32880\" srcset=\"https:\/\/cnctulua.tv\/wp-content\/uploads\/2025\/04\/WhatsApp-Image-2025-04-04-at-3.41.31-PM-1-1024x576.jpeg 1024w, https:\/\/cnctulua.tv\/wp-content\/uploads\/2025\/04\/WhatsApp-Image-2025-04-04-at-3.41.31-PM-1-300x169.jpeg 300w, https:\/\/cnctulua.tv\/wp-content\/uploads\/2025\/04\/WhatsApp-Image-2025-04-04-at-3.41.31-PM-1-768x432.jpeg 768w, https:\/\/cnctulua.tv\/wp-content\/uploads\/2025\/04\/WhatsApp-Image-2025-04-04-at-3.41.31-PM-1-1536x864.jpeg 1536w, https:\/\/cnctulua.tv\/wp-content\/uploads\/2025\/04\/WhatsApp-Image-2025-04-04-at-3.41.31-PM-1.jpeg 1600w\" sizes=\"auto, (max-width: 1024px) 100vw, 1024px\" \/><\/figure>\n\n\n\n<p>El secretario departamental de Gesti\u00f3n del Riesgo, Francisco Tenorio, inform\u00f3 que los municipios m\u00e1s impactados por las precipitaciones incluyen Florida, Pradera, El Cerrito, Ginebra, Guadalajara de Buga, Riofr\u00edo, Trujillo, Versalles, El Dovio, San Pedro, Tulu\u00e1 y El \u00c1guila. Estos eventos han generado fen\u00f3menos como avenidas torrenciales y deslizamientos de tierra, los cuales han afectado viviendas y v\u00edas de acceso en varias zonas. En respuesta a la emergencia, las autoridades locales est\u00e1n realizando censos de afectados para coordinar las acciones de ayuda necesarias.<\/p>\n\n\n\n<p>\u201cLa coordinaci\u00f3n con los alcaldes y los organismos de socorro es clave en estos momentos. Estamos trabajando de manera conjunta para mitigar los efectos de las lluvias y atender las necesidades de las comunidades afectadas\u201d, afirm\u00f3 Tenorio. Asimismo, subray\u00f3 la importancia de seguir las recomendaciones de las autoridades para reducir riesgos y evitar mayores da\u00f1os en las pr\u00f3ximas horas.<\/p>\n\n\n\n<figure class=\"wp-block-embed is-type-video is-provider-youtube wp-block-embed-youtube wp-embed-aspect-16-9 wp-has-aspect-ratio\"><div class=\"wp-block-embed__wrapper\">\n<iframe loading=\"lazy\" title=\"\ud83c\udf27\ufe0f El Valle del Cauca en crisis por fuertes lluvias: \u00bfC\u00f3mo afecta a los municipios? \ud83d\udea8\" width=\"640\" height=\"360\" src=\"https:\/\/www.youtube.com\/embed\/X2ZEih1zeO0?feature=oembed\" frameborder=\"0\" allow=\"accelerometer; autoplay; clipboard-write; encrypted-media; gyroscope; picture-in-picture; web-share\" referrerpolicy=\"strict-origin-when-cross-origin\" allowfullscreen><\/iframe>\n<\/div><\/figure>\n\n\n\n<p>La temporada de lluvias en el Valle del Cauca, que se espera contin\u00fae hasta mayo, est\u00e1 agravando las condiciones de algunas zonas del departamento, especialmente aquellas m\u00e1s vulnerables a fen\u00f3menos clim\u00e1ticos extremos. Los organismos de gesti\u00f3n del riesgo y las administraciones locales siguen trabajando para atender la emergencia y reducir los impactos en la poblaci\u00f3n.<\/p>\n\n\n\n<p>Ante esta situaci\u00f3n, las autoridades instan a la ciudadan\u00eda a estar atenta a las alertas y recomendaciones de seguridad emitidas, ya que las lluvias podr\u00edan continuar en los pr\u00f3ximos d\u00edas.<\/p>\n","protected":false},"excerpt":{"rendered":"<p>El Valle del Cauca sigue en estado de alerta tras las intensas lluvias que se han presentado en las \u00faltimas horas, afectando varios municipios del departamento. En coordinaci\u00f3n con las alcald\u00edas municipales y los organismos de socorro, la Gobernaci\u00f3n del Valle mantiene un monitoreo constante de la situaci\u00f3n, especialmente sobre los niveles de los r\u00edos, [&hellip;]<\/p>\n","protected":false},"author":3,"featured_media":32881,"comment_status":"open","ping_status":"open","sticky":false,"template":"","format":"video","meta":{"footnotes":""},"categories":[10],"tags":[],"class_list":["post-32879","post","type-post","status-publish","format-video","has-post-thumbnail","hentry","category-cnc-noticias-tulua","post_format-post-format-video"],"_links":{"self":[{"href":"https:\/\/cnctulua.tv\/index.php?rest_route=\/wp\/v2\/posts\/32879","targetHints":{"allow":["GET"]}}],"collection":[{"href":"https:\/\/cnctulua.tv\/index.php?rest_route=\/wp\/v2\/posts"}],"about":[{"href":"https:\/\/cnctulua.tv\/index.php?rest_route=\/wp\/v2\/types\/post"}],"author":[{"embeddable":true,"href":"https:\/\/cnctulua.tv\/index.php?rest_route=\/wp\/v2\/users\/3"}],"replies":[{"embeddable":true,"href":"https:\/\/cnctulua.tv\/index.php?rest_route=%2Fwp%2Fv2%2Fcomments&post=32879"}],"version-history":[{"count":1,"href":"https:\/\/cnctulua.tv\/index.php?rest_route=\/wp\/v2\/posts\/32879\/revisions"}],"predecessor-version":[{"id":32882,"href":"https:\/\/cnctulua.tv\/index.php?rest_route=\/wp\/v2\/posts\/32879\/revisions\/32882"}],"wp:featuredmedia":[{"embeddable":true,"href":"https:\/\/cnctulua.tv\/index.php?rest_route=\/wp\/v2\/media\/32881"}],"wp:attachment":[{"href":"https:\/\/cnctulua.tv\/index.php?rest_route=%2Fwp%2Fv2%2Fmedia&parent=32879"}],"wp:term":[{"taxonomy":"category","embeddable":true,"href":"https:\/\/cnctulua.tv\/index.php?rest_route=%2Fwp%2Fv2%2Fcategories&post=32879"},{"taxonomy":"post_tag","embeddable":true,"href":"https:\/\/cnctulua.tv\/index.php?rest_route=%2Fwp%2Fv2%2Ftags&post=32879"}],"curies":[{"name":"wp","href":"https:\/\/api.w.org\/{rel}","templated":true}]}}