{"id":32912,"date":"2025-04-08T19:18:57","date_gmt":"2025-04-08T19:18:57","guid":{"rendered":"https:\/\/cnctulua.tv\/?p=32912"},"modified":"2025-04-08T19:18:57","modified_gmt":"2025-04-08T19:18:57","slug":"la-central-de-transportes-de-tulua-celebra-50-anos-de-historia-y-progreso","status":"publish","type":"post","link":"https:\/\/cnctulua.tv\/?p=32912","title":{"rendered":"La Central de Transportes de Tulu\u00e1 celebra 50 a\u00f1os de historia y progreso"},"content":{"rendered":"\n<p>La Central de Transportes de Tulu\u00e1 celebra en 2025 su 50\u00ba aniversario, un hito que marca medio siglo de historia y de impacto en la movilidad de la ciudad y la regi\u00f3n centrovallecaucana. Desde su inauguraci\u00f3n en los a\u00f1os 70, la terminal ha sido un eje fundamental en el desarrollo econ\u00f3mico de Tulu\u00e1 y una pieza clave en la conectividad del Valle del Cauca. En este tiempo, la infraestructura ha experimentado transformaciones que han permitido mejorar la calidad del servicio y ampliar su capacidad, adapt\u00e1ndose a las necesidades de los miles de pasajeros que la utilizan cada d\u00eda.<\/p>\n\n\n\n<p>El alcalde Gustavo Adolfo V\u00e9lez Rom\u00e1n, durante las celebraciones del aniversario, destac\u00f3 la importancia de la visi\u00f3n que tuvo la ciudad hace m\u00e1s de cinco d\u00e9cadas, cuando se construy\u00f3 la primera terminal de transportes. \u201cEn ese entonces, muchas ciudades m\u00e1s grandes que Tulu\u00e1 no contaban con una terminal de transportes, y nosotros, gracias a la visi\u00f3n de nuestros l\u00edderes de la \u00e9poca, logramos tener una infraestructura que impuls\u00f3 el desarrollo econ\u00f3mico y comercial de la ciudad\u201d, coment\u00f3 V\u00e9lez Rom\u00e1n.<\/p>\n\n\n\n<figure class=\"wp-block-embed is-type-video is-provider-youtube wp-block-embed-youtube wp-embed-aspect-16-9 wp-has-aspect-ratio\"><div class=\"wp-block-embed__wrapper\">\n<iframe loading=\"lazy\" title=\"\ud83d\ude8d \u00a1La Central de Transportes de Tulu\u00e1 celebra 50 a\u00f1os de historia y progreso! \ud83c\udf1f\" width=\"640\" height=\"360\" src=\"https:\/\/www.youtube.com\/embed\/oAk3VuLPIM4?feature=oembed\" frameborder=\"0\" allow=\"accelerometer; autoplay; clipboard-write; encrypted-media; gyroscope; picture-in-picture; web-share\" referrerpolicy=\"strict-origin-when-cross-origin\" allowfullscreen><\/iframe>\n<\/div><\/figure>\n\n\n\n<p>En su segundo mandato, el alcalde asumi\u00f3 la responsabilidad de modernizar la Central de Transportes, un proyecto que se materializ\u00f3 entre 2018 y 2019. La nueva terminal, que ocupa un \u00e1rea de m\u00e1s de 44,000 metros cuadrados, cuenta con amplias zonas de parqueo y un \u00e1rea cubierta que supera los 11.000 metros cuadrados. Este desarrollo la convierte en una de las terminales m\u00e1s modernas y grandes del pa\u00eds, lo que ha permitido fortalecer la conectividad de Tulu\u00e1 con otras ciudades y regiones del pa\u00eds.<\/p>\n\n\n\n<p>Con m\u00e1s de 4 millones de pasajeros anuales, la Central de Transportes de Tulu\u00e1 ha demostrado ser un punto estrat\u00e9gico no solo para el municipio, sino para toda la regi\u00f3n. En d\u00edas de alta demanda, la terminal puede movilizar hasta 15,000 pasajeros al d\u00eda, consolid\u00e1ndose como un centro neur\u00e1lgico para la movilidad en el Valle del Cauca. Este tipo de infraestructura ha permitido dinamizar la econom\u00eda local y contribuir al desarrollo del comercio en el centro de la ciudad.<\/p>\n\n\n\n<p>El alcalde V\u00e9lez Rom\u00e1n tambi\u00e9n mencion\u00f3 que uno de los proyectos clave para el futuro de la terminal es la incorporaci\u00f3n de tecnolog\u00edas avanzadas, como la implementaci\u00f3n de una ruta circular de buses el\u00e9ctricos, que facilitar\u00e1 la movilidad dentro de la ciudad y la conexi\u00f3n con el terminal. Adem\u00e1s, se ha proyectado seguir innovando en la infraestructura para seguir mejorando la experiencia de los usuarios y la eficiencia en la operaci\u00f3n del servicio.<\/p>\n\n\n\n<p>Otro aspecto que ha destacado en la gesti\u00f3n de la Central de Transportes de Tulu\u00e1 es la participaci\u00f3n de las mujeres en cargos de liderazgo. Livia Pasman, quien actualmente ocupa el cargo de gerente de la terminal, es la primera mujer en liderar esta infraestructura. Este hecho ha sido resaltado por el alcalde como un s\u00edmbolo del compromiso de la administraci\u00f3n local con la inclusi\u00f3n y la promoci\u00f3n del liderazgo femenino.<\/p>\n\n\n\n<p>La importancia de la Central de Transportes de Tulu\u00e1 tambi\u00e9n ha sido reconocida por entidades nacionales. Karen Margarita Gonz\u00e1lez, Directora Ejecutiva de la Agremiaci\u00f3n Corporaci\u00f3n Terminales de Colombia, se\u00f1al\u00f3 que la terminal de Tulu\u00e1 es un ejemplo de c\u00f3mo las ciudades intermedias pueden contar con infraestructuras que no solo mejoren la calidad de vida de los habitantes, sino que tambi\u00e9n contribuyan al desarrollo econ\u00f3mico de la regi\u00f3n. \u201cLa terminal de Tulu\u00e1 es una de las principales infraestructuras del pa\u00eds, y su \u00e9xito refleja la importancia de garantizar un servicio de transporte p\u00fablico de calidad en todas las ciudades, independientemente de su tama\u00f1o\u201d, afirm\u00f3 Gonz\u00e1lez.<\/p>\n\n\n\n<p>Con el paso de los a\u00f1os, la Central de Transportes de Tulu\u00e1 ha evolucionado y sigue siendo un pilar en la conectividad regional, demostrando que, a pesar de los desaf\u00edos, la visi\u00f3n y el trabajo conjunto de la comunidad y las autoridades locales pueden transformar a la ciudad en un referente en el transporte en Colombia. El futuro de la terminal se proyecta hacia la sostenibilidad y la innovaci\u00f3n, con el compromiso de seguir brindando un servicio de calidad que responda a las necesidades de los ciudadanos.<\/p>\n\n\n\n<figure class=\"wp-block-video\"><\/figure>\n","protected":false},"excerpt":{"rendered":"<p>La Central de Transportes de Tulu\u00e1 celebra en 2025 su 50\u00ba aniversario, un hito que marca medio siglo de historia y de impacto en la movilidad de la ciudad y la regi\u00f3n centrovallecaucana. Desde su inauguraci\u00f3n en los a\u00f1os 70, la terminal ha sido un eje fundamental en el desarrollo econ\u00f3mico de Tulu\u00e1 y una [&hellip;]<\/p>\n","protected":false},"author":3,"featured_media":32913,"comment_status":"open","ping_status":"open","sticky":false,"template":"","format":"video","meta":{"footnotes":""},"categories":[10],"tags":[],"class_list":["post-32912","post","type-post","status-publish","format-video","has-post-thumbnail","hentry","category-cnc-noticias-tulua","post_format-post-format-video"],"_links":{"self":[{"href":"https:\/\/cnctulua.tv\/index.php?rest_route=\/wp\/v2\/posts\/32912","targetHints":{"allow":["GET"]}}],"collection":[{"href":"https:\/\/cnctulua.tv\/index.php?rest_route=\/wp\/v2\/posts"}],"about":[{"href":"https:\/\/cnctulua.tv\/index.php?rest_route=\/wp\/v2\/types\/post"}],"author":[{"embeddable":true,"href":"https:\/\/cnctulua.tv\/index.php?rest_route=\/wp\/v2\/users\/3"}],"replies":[{"embeddable":true,"href":"https:\/\/cnctulua.tv\/index.php?rest_route=%2Fwp%2Fv2%2Fcomments&post=32912"}],"version-history":[{"count":1,"href":"https:\/\/cnctulua.tv\/index.php?rest_route=\/wp\/v2\/posts\/32912\/revisions"}],"predecessor-version":[{"id":32914,"href":"https:\/\/cnctulua.tv\/index.php?rest_route=\/wp\/v2\/posts\/32912\/revisions\/32914"}],"wp:featuredmedia":[{"embeddable":true,"href":"https:\/\/cnctulua.tv\/index.php?rest_route=\/wp\/v2\/media\/32913"}],"wp:attachment":[{"href":"https:\/\/cnctulua.tv\/index.php?rest_route=%2Fwp%2Fv2%2Fmedia&parent=32912"}],"wp:term":[{"taxonomy":"category","embeddable":true,"href":"https:\/\/cnctulua.tv\/index.php?rest_route=%2Fwp%2Fv2%2Fcategories&post=32912"},{"taxonomy":"post_tag","embeddable":true,"href":"https:\/\/cnctulua.tv\/index.php?rest_route=%2Fwp%2Fv2%2Ftags&post=32912"}],"curies":[{"name":"wp","href":"https:\/\/api.w.org\/{rel}","templated":true}]}}