{"id":32915,"date":"2025-04-08T19:20:56","date_gmt":"2025-04-08T19:20:56","guid":{"rendered":"https:\/\/cnctulua.tv\/?p=32915"},"modified":"2025-04-08T19:20:56","modified_gmt":"2025-04-08T19:20:56","slug":"la-central-de-transportes-de-tulua-pilar-de-la-conectividad-regional","status":"publish","type":"post","link":"https:\/\/cnctulua.tv\/?p=32915","title":{"rendered":"La Central de Transportes de TULU\u00c1, Pilar de la Conectividad Regional"},"content":{"rendered":"\n<p>La Central de Transportes de Tulu\u00e1, un referente en la conectividad del Valle del Cauca celebr\u00f3 con orgullo su 50\u00ba aniversario este 2025, con una trayectoria marcada por la evoluci\u00f3n, el progreso y la consolidaci\u00f3n como eje vital de la movilidad en la regi\u00f3n. Bajo la direcci\u00f3n de Libia Fernanda Pasm\u00edn, la terminal ha vivido importantes transformaciones que la han posicionado como un pilar del desarrollo econ\u00f3mico y social de Tulu\u00e1 y sus alrededores.<\/p>\n\n\n\n<figure class=\"wp-block-embed is-type-video is-provider-youtube wp-block-embed-youtube wp-embed-aspect-16-9 wp-has-aspect-ratio\"><div class=\"wp-block-embed__wrapper\">\n<iframe loading=\"lazy\" title=\"La Central de Transportes de Tulu\u00e1 celebra su 50\u00ba con nuevo logo\" width=\"640\" height=\"360\" src=\"https:\/\/www.youtube.com\/embed\/hErzx-i65eU?feature=oembed\" frameborder=\"0\" allow=\"accelerometer; autoplay; clipboard-write; encrypted-media; gyroscope; picture-in-picture; web-share\" referrerpolicy=\"strict-origin-when-cross-origin\" allowfullscreen><\/iframe>\n<\/div><\/figure>\n\n\n\n<p>En una reciente entrevista, Pasm\u00edn comparti\u00f3 detalles sobre los cambios que ha experimentado la Central de Transportes, enfoc\u00e1ndose en la renovaci\u00f3n de su imagen y la adopci\u00f3n de un nuevo eslogan: \u201cConectando sue\u00f1os\u201d. Aunque el logotipo se mantuvo, se modernizaron elementos gr\u00e1ficos, como las flechas y las l\u00edneas, para reflejar la evoluci\u00f3n de la terminal desde su traslado en 2019 a la nueva infraestructura. \u00abEstas modificaciones en nuestra imagen simbolizan el dinamismo y la energ\u00eda que queremos transmitir tanto a los tulue\u00f1os como a nuestros visitantes\u00bb, afirm\u00f3 la gerente.<\/p>\n\n\n\n<p>La Central de Transportes de Tulu\u00e1 se destaca no solo por su modernizaci\u00f3n, sino tambi\u00e9n por su importancia para la regi\u00f3n. Pasm\u00edn record\u00f3 que la terminal no solo conecta a Tulu\u00e1 con otras ciudades, sino que es un punto clave para al menos 20 municipios cercanos, muchos de los cuales no cuentan con una infraestructura de transporte similar. \u00abSomos el centro del Valle del Cauca, y nuestra terminal conecta sue\u00f1os y oportunidades para miles de personas cada d\u00eda\u00bb, se\u00f1al\u00f3.<\/p>\n\n\n\n<p>En cuanto a las cifras, la terminal mueve a aproximadamente 4 millones de pasajeros anualmente, con un incremento significativo durante las temporadas altas, como Semana Santa o diciembre, cuando llegan a movilizarse hasta 15,000 personas diarias. \u00abLa Central de Transportes no es solo un punto de paso, sino un lugar donde se conectan vidas, proyectos y sue\u00f1os\u00bb, a\u00f1adi\u00f3 Pasm\u00edn, haciendo hincapi\u00e9 en el papel fundamental que juega la terminal en la econom\u00eda local.<\/p>\n\n\n\n<p>La gerente destac\u00f3 tambi\u00e9n los planes futuros de la terminal, que incluyen la expansi\u00f3n de servicios y la implementaci\u00f3n de tecnolog\u00edas de vanguardia. \u00abEstamos comprometidos con la innovaci\u00f3n. Queremos ser m\u00e1s que una terminal de transporte, sino un centro comercial y un lugar multifuncional que contin\u00fae ofreciendo servicios y generando oportunidades para la regi\u00f3n\u00bb, expres\u00f3.<\/p>\n\n\n\n<p>Un aspecto clave mencionado por Pasm\u00edn fue la importancia de la inclusi\u00f3n y la representaci\u00f3n femenina en la gesti\u00f3n de la terminal. Con ella al frente, la Central de Transportes ha demostrado que las mujeres pueden liderar grandes proyectos y contribuir significativamente al desarrollo de la ciudad. \u00abEste aniversario es el resultado del esfuerzo colectivo, y mi papel como mujer l\u00edder es seguir trabajando por un Tulu\u00e1 m\u00e1s conectado y pr\u00f3spero\u00bb, concluy\u00f3.<\/p>\n\n\n\n<p>Con una visi\u00f3n clara hacia el futuro, la Central de Transportes de Tulu\u00e1 sigue siendo un motor de crecimiento para el municipio y la regi\u00f3n. Su 50\u00ba aniversario es solo un reflejo de los logros alcanzados y del compromiso con el progreso, la conectividad y el bienestar de los habitantes de la regi\u00f3n centrovallecaucana.<\/p>\n\n\n\n<figure class=\"wp-block-video\"><\/figure>\n","protected":false},"excerpt":{"rendered":"<p>La Central de Transportes de Tulu\u00e1, un referente en la conectividad del Valle del Cauca celebr\u00f3 con orgullo su 50\u00ba aniversario este 2025, con una trayectoria marcada por la evoluci\u00f3n, el progreso y la consolidaci\u00f3n como eje vital de la movilidad en la regi\u00f3n. Bajo la direcci\u00f3n de Libia Fernanda Pasm\u00edn, la terminal ha vivido [&hellip;]<\/p>\n","protected":false},"author":3,"featured_media":32916,"comment_status":"open","ping_status":"open","sticky":false,"template":"","format":"video","meta":{"footnotes":""},"categories":[10],"tags":[],"class_list":["post-32915","post","type-post","status-publish","format-video","has-post-thumbnail","hentry","category-cnc-noticias-tulua","post_format-post-format-video"],"_links":{"self":[{"href":"https:\/\/cnctulua.tv\/index.php?rest_route=\/wp\/v2\/posts\/32915","targetHints":{"allow":["GET"]}}],"collection":[{"href":"https:\/\/cnctulua.tv\/index.php?rest_route=\/wp\/v2\/posts"}],"about":[{"href":"https:\/\/cnctulua.tv\/index.php?rest_route=\/wp\/v2\/types\/post"}],"author":[{"embeddable":true,"href":"https:\/\/cnctulua.tv\/index.php?rest_route=\/wp\/v2\/users\/3"}],"replies":[{"embeddable":true,"href":"https:\/\/cnctulua.tv\/index.php?rest_route=%2Fwp%2Fv2%2Fcomments&post=32915"}],"version-history":[{"count":1,"href":"https:\/\/cnctulua.tv\/index.php?rest_route=\/wp\/v2\/posts\/32915\/revisions"}],"predecessor-version":[{"id":32917,"href":"https:\/\/cnctulua.tv\/index.php?rest_route=\/wp\/v2\/posts\/32915\/revisions\/32917"}],"wp:featuredmedia":[{"embeddable":true,"href":"https:\/\/cnctulua.tv\/index.php?rest_route=\/wp\/v2\/media\/32916"}],"wp:attachment":[{"href":"https:\/\/cnctulua.tv\/index.php?rest_route=%2Fwp%2Fv2%2Fmedia&parent=32915"}],"wp:term":[{"taxonomy":"category","embeddable":true,"href":"https:\/\/cnctulua.tv\/index.php?rest_route=%2Fwp%2Fv2%2Fcategories&post=32915"},{"taxonomy":"post_tag","embeddable":true,"href":"https:\/\/cnctulua.tv\/index.php?rest_route=%2Fwp%2Fv2%2Ftags&post=32915"}],"curies":[{"name":"wp","href":"https:\/\/api.w.org\/{rel}","templated":true}]}}