{"id":32918,"date":"2025-04-08T19:27:26","date_gmt":"2025-04-08T19:27:26","guid":{"rendered":"https:\/\/cnctulua.tv\/?p=32918"},"modified":"2025-04-08T19:27:26","modified_gmt":"2025-04-08T19:27:26","slug":"caen-del-cartel-de-los-mas-buscados-en-cali-capturan-a-alias-fresa-y-alvarito","status":"publish","type":"post","link":"https:\/\/cnctulua.tv\/?p=32918","title":{"rendered":"Caen del cartel de \u2018Los m\u00e1s Buscados\u2019 en Cali: CAPTURAN A ALIAS \u2018FRESA\u2019 Y \u2018ALVARITO\u2019"},"content":{"rendered":"\n<p>La Polic\u00eda Metropolitana Santiago de Cali logr\u00f3 capturar a dos de los criminales m\u00e1s buscados por homicidio en la capital vallecaucana. En un lapso de menos de 20 d\u00edas, las autoridades detuvieron a Yuleider Botero S\u00e1nchez, conocido como alias \u2018fresa\u2019, y a \u00c1lvaro Andr\u00e9s Rodr\u00edguez Herrera, alias \u2018alvarito\u2019, quienes figuraban entre los 10 m\u00e1s buscados de la ciudad por homicidio, hurto y microtr\u00e1fico.<\/p>\n\n\n\n<p>Las capturas se llevaron a cabo en dos diligencias de allanamiento en los barrios San Pedro Claver y Terr\u00f3n Colorado, ubicaciones donde los sujetos hab\u00edan sido localizados por la Seccional de Investigaci\u00f3n Judicial. La operaci\u00f3n tuvo lugar poco tiempo despu\u00e9s de la presentaci\u00f3n p\u00fablica del cartel de &#8216;Los m\u00e1s Buscados&#8217;, un volante que mostr\u00f3 las fotograf\u00edas de 10 individuos vinculados a cr\u00edmenes violentos en Cali.<\/p>\n\n\n\n<figure class=\"wp-block-image size-large\"><img loading=\"lazy\" decoding=\"async\" width=\"1024\" height=\"682\" src=\"https:\/\/cnctulua.tv\/wp-content\/uploads\/2025\/04\/WhatsApp-Image-2025-04-06-at-11.44.18-AM-1024x682.jpeg\" alt=\"\" class=\"wp-image-32920\" srcset=\"https:\/\/cnctulua.tv\/wp-content\/uploads\/2025\/04\/WhatsApp-Image-2025-04-06-at-11.44.18-AM-1024x682.jpeg 1024w, https:\/\/cnctulua.tv\/wp-content\/uploads\/2025\/04\/WhatsApp-Image-2025-04-06-at-11.44.18-AM-300x200.jpeg 300w, https:\/\/cnctulua.tv\/wp-content\/uploads\/2025\/04\/WhatsApp-Image-2025-04-06-at-11.44.18-AM-768x512.jpeg 768w, https:\/\/cnctulua.tv\/wp-content\/uploads\/2025\/04\/WhatsApp-Image-2025-04-06-at-11.44.18-AM.jpeg 1280w\" sizes=\"auto, (max-width: 1024px) 100vw, 1024px\" \/><\/figure>\n\n\n\n<p>Alias \u2018fresa\u2019 y \u2018alvarito\u2019 est\u00e1n implicados en dos homicidios. El primero ocurri\u00f3 el 9 de febrero de 2019 en el barrio El Rodeo, y el segundo el 3 de junio de 2024 en la Comuna 1. Ambos hechos fueron parte de una serie de cr\u00edmenes violentos que la Polic\u00eda est\u00e1 combatiendo con especial \u00e9nfasis, a trav\u00e9s de la captura de los responsables.<\/p>\n\n\n\n<p>La Polic\u00eda Metropolitana de Cali ha instado a la ciudadan\u00eda a colaborar con informaci\u00f3n que permita la captura de otros miembros del cartel de \u2018Los m\u00e1s Buscados\u2019. Adem\u00e1s, se mantiene activa una bolsa de recompensa para quienes brinden datos que ayuden a la ubicaci\u00f3n, captura y judicializaci\u00f3n de estos criminales.<\/p>\n\n\n\n<figure class=\"wp-block-embed is-type-video is-provider-youtube wp-block-embed-youtube wp-embed-aspect-16-9 wp-has-aspect-ratio\"><div class=\"wp-block-embed__wrapper\">\n<iframe loading=\"lazy\" title=\"La Polic\u00eda de Cali captura a alias \u2018fresa\u2019 y \u2018alvarito\u2019 de \u2018Los m\u00e1s Buscados\u2019\" width=\"640\" height=\"360\" src=\"https:\/\/www.youtube.com\/embed\/YGGoHvMNk6Y?feature=oembed\" frameborder=\"0\" allow=\"accelerometer; autoplay; clipboard-write; encrypted-media; gyroscope; picture-in-picture; web-share\" referrerpolicy=\"strict-origin-when-cross-origin\" allowfullscreen><\/iframe>\n<\/div><\/figure>\n\n\n\n<p>La Polic\u00eda contin\u00faa con su estrategia de hacer p\u00fablica la identidad de los delincuentes m\u00e1s peligrosos, alentando a la comunidad a participar activamente en la construcci\u00f3n de un entorno m\u00e1s seguro.<\/p>\n\n\n\n<figure class=\"wp-block-video\"><\/figure>\n","protected":false},"excerpt":{"rendered":"<p>La Polic\u00eda Metropolitana Santiago de Cali logr\u00f3 capturar a dos de los criminales m\u00e1s buscados por homicidio en la capital vallecaucana. En un lapso de menos de 20 d\u00edas, las autoridades detuvieron a Yuleider Botero S\u00e1nchez, conocido como alias \u2018fresa\u2019, y a \u00c1lvaro Andr\u00e9s Rodr\u00edguez Herrera, alias \u2018alvarito\u2019, quienes figuraban entre los 10 m\u00e1s buscados [&hellip;]<\/p>\n","protected":false},"author":3,"featured_media":32919,"comment_status":"open","ping_status":"open","sticky":false,"template":"","format":"video","meta":{"footnotes":""},"categories":[1],"tags":[],"class_list":["post-32918","post","type-post","status-publish","format-video","has-post-thumbnail","hentry","category-uncategorized","post_format-post-format-video"],"_links":{"self":[{"href":"https:\/\/cnctulua.tv\/index.php?rest_route=\/wp\/v2\/posts\/32918","targetHints":{"allow":["GET"]}}],"collection":[{"href":"https:\/\/cnctulua.tv\/index.php?rest_route=\/wp\/v2\/posts"}],"about":[{"href":"https:\/\/cnctulua.tv\/index.php?rest_route=\/wp\/v2\/types\/post"}],"author":[{"embeddable":true,"href":"https:\/\/cnctulua.tv\/index.php?rest_route=\/wp\/v2\/users\/3"}],"replies":[{"embeddable":true,"href":"https:\/\/cnctulua.tv\/index.php?rest_route=%2Fwp%2Fv2%2Fcomments&post=32918"}],"version-history":[{"count":1,"href":"https:\/\/cnctulua.tv\/index.php?rest_route=\/wp\/v2\/posts\/32918\/revisions"}],"predecessor-version":[{"id":32921,"href":"https:\/\/cnctulua.tv\/index.php?rest_route=\/wp\/v2\/posts\/32918\/revisions\/32921"}],"wp:featuredmedia":[{"embeddable":true,"href":"https:\/\/cnctulua.tv\/index.php?rest_route=\/wp\/v2\/media\/32919"}],"wp:attachment":[{"href":"https:\/\/cnctulua.tv\/index.php?rest_route=%2Fwp%2Fv2%2Fmedia&parent=32918"}],"wp:term":[{"taxonomy":"category","embeddable":true,"href":"https:\/\/cnctulua.tv\/index.php?rest_route=%2Fwp%2Fv2%2Fcategories&post=32918"},{"taxonomy":"post_tag","embeddable":true,"href":"https:\/\/cnctulua.tv\/index.php?rest_route=%2Fwp%2Fv2%2Ftags&post=32918"}],"curies":[{"name":"wp","href":"https:\/\/api.w.org\/{rel}","templated":true}]}}