{"id":32931,"date":"2025-04-08T19:39:19","date_gmt":"2025-04-08T19:39:19","guid":{"rendered":"https:\/\/cnctulua.tv\/?p=32931"},"modified":"2025-04-08T19:39:19","modified_gmt":"2025-04-08T19:39:19","slug":"asesinada-en-trujillo-la-administracion-municipal-condena-el-hecho-violento-y-refuerza-la-ruta-de-atencion-para-las-mujeres","status":"publish","type":"post","link":"https:\/\/cnctulua.tv\/?p=32931","title":{"rendered":"ASESINADA EN TRUJILLO: La Administraci\u00f3n Municipal Condena el Hecho Violento y Refuerza la Ruta de Atenci\u00f3n para las Mujeres"},"content":{"rendered":"\n<p>En la madrugada del martes, un acto de violencia conmocion\u00f3 al municipio de Trujillo, donde una mujer de 26 a\u00f1os fue asesinada en el interior de su vivienda. Ante este tr\u00e1gico hecho, el Secretario de Gobierno, V\u00edctor Hugo G\u00f3mez, expres\u00f3 su preocupaci\u00f3n y urgi\u00f3 a la implementaci\u00f3n de medidas m\u00e1s efectivas para prevenir futuros casos de violencia de g\u00e9nero y feminicidios en la regi\u00f3n.<\/p>\n\n\n\n<figure class=\"wp-block-embed is-type-video is-provider-youtube wp-block-embed-youtube wp-embed-aspect-16-9 wp-has-aspect-ratio\"><div class=\"wp-block-embed__wrapper\">\n<iframe loading=\"lazy\" title=\"Feminicidio en Trujillo: Urge medidas ante la violencia de g\u00e9nero \ud83d\udea8\" width=\"640\" height=\"360\" src=\"https:\/\/www.youtube.com\/embed\/TU58nGi3lJk?feature=oembed\" frameborder=\"0\" allow=\"accelerometer; autoplay; clipboard-write; encrypted-media; gyroscope; picture-in-picture; web-share\" referrerpolicy=\"strict-origin-when-cross-origin\" allowfullscreen><\/iframe>\n<\/div><\/figure>\n\n\n\n<p>\u00abLamentamos este hecho tan atroz como fue el feminicidio ocurrido hoy a la madrugada e instamos a toda la comunidad trujillense a la comunidad en general para que dichos hechos no se vuelvan a presentar\u00bb, destac\u00f3 G\u00f3mez en una declaraci\u00f3n p\u00fablica.<\/p>\n\n\n\n<p>El Secretario de Gobierno tambi\u00e9n hizo un llamado a la acci\u00f3n colectiva, asegurando que desde las dependencias municipales se est\u00e1n tomando medidas para garantizar el apoyo a las v\u00edctimas de violencia intrafamiliar. \u00abDe la dependencia de salud y la mesa de articulaci\u00f3n se ha habilitado una ruta de atenci\u00f3n para todas las personas afectadas por situaciones de violencia intrafamiliar. Busca garantizar que las v\u00edctimas reciban el acompa\u00f1amiento necesario y que se sientan respaldadas al denunciar los abusos\u00bb, explic\u00f3.<\/p>\n\n\n\n<figure class=\"wp-block-image size-large\"><img loading=\"lazy\" decoding=\"async\" width=\"1024\" height=\"729\" src=\"https:\/\/cnctulua.tv\/wp-content\/uploads\/2025\/04\/WhatsApp-Image-2025-04-08-at-10.47.08-AM-1024x729.jpeg\" alt=\"\" class=\"wp-image-32932\" srcset=\"https:\/\/cnctulua.tv\/wp-content\/uploads\/2025\/04\/WhatsApp-Image-2025-04-08-at-10.47.08-AM-1024x729.jpeg 1024w, https:\/\/cnctulua.tv\/wp-content\/uploads\/2025\/04\/WhatsApp-Image-2025-04-08-at-10.47.08-AM-300x214.jpeg 300w, https:\/\/cnctulua.tv\/wp-content\/uploads\/2025\/04\/WhatsApp-Image-2025-04-08-at-10.47.08-AM-768x547.jpeg 768w, https:\/\/cnctulua.tv\/wp-content\/uploads\/2025\/04\/WhatsApp-Image-2025-04-08-at-10.47.08-AM-1536x1093.jpeg 1536w, https:\/\/cnctulua.tv\/wp-content\/uploads\/2025\/04\/WhatsApp-Image-2025-04-08-at-10.47.08-AM.jpeg 1600w\" sizes=\"auto, (max-width: 1024px) 100vw, 1024px\" \/><\/figure>\n\n\n\n<p>Asimismo, destac\u00f3 que la administraci\u00f3n municipal est\u00e1 trabajando para velar por los derechos de las mujeres y la equidad de g\u00e9nero: \u00abLa administraci\u00f3n municipal en la dependencia de salud y a trav\u00e9s de la mesa de articulaci\u00f3n, quien vela por los derechos de las mujeres. La poblaci\u00f3n en equidad de g\u00e9nero. Tenemos una ruta de atenci\u00f3n. Para lo cual se las estamos ofreciendo a todas ustedes, mujeres, a todos ustedes quienes lo requieran para que se acerquen a la alcald\u00eda y miren cu\u00e1l es la ruta de atenci\u00f3n en estos momentos, cuando se sientan agredidos o tengan indicios de violencia intrafamiliar\u00bb.<\/p>\n\n\n\n<p>Este llamado de las autoridades locales resalta la necesidad urgente de tomar acciones efectivas para prevenir la violencia de g\u00e9nero y asegurar que las v\u00edctimas reciban el apoyo necesario para salir de situaciones de abuso.<\/p>\n","protected":false},"excerpt":{"rendered":"<p>En la madrugada del martes, un acto de violencia conmocion\u00f3 al municipio de Trujillo, donde una mujer de 26 a\u00f1os fue asesinada en el interior de su vivienda. Ante este tr\u00e1gico hecho, el Secretario de Gobierno, V\u00edctor Hugo G\u00f3mez, expres\u00f3 su preocupaci\u00f3n y urgi\u00f3 a la implementaci\u00f3n de medidas m\u00e1s efectivas para prevenir futuros casos [&hellip;]<\/p>\n","protected":false},"author":3,"featured_media":32934,"comment_status":"open","ping_status":"open","sticky":false,"template":"","format":"video","meta":{"footnotes":""},"categories":[10],"tags":[],"class_list":["post-32931","post","type-post","status-publish","format-video","has-post-thumbnail","hentry","category-cnc-noticias-tulua","post_format-post-format-video"],"_links":{"self":[{"href":"https:\/\/cnctulua.tv\/index.php?rest_route=\/wp\/v2\/posts\/32931","targetHints":{"allow":["GET"]}}],"collection":[{"href":"https:\/\/cnctulua.tv\/index.php?rest_route=\/wp\/v2\/posts"}],"about":[{"href":"https:\/\/cnctulua.tv\/index.php?rest_route=\/wp\/v2\/types\/post"}],"author":[{"embeddable":true,"href":"https:\/\/cnctulua.tv\/index.php?rest_route=\/wp\/v2\/users\/3"}],"replies":[{"embeddable":true,"href":"https:\/\/cnctulua.tv\/index.php?rest_route=%2Fwp%2Fv2%2Fcomments&post=32931"}],"version-history":[{"count":1,"href":"https:\/\/cnctulua.tv\/index.php?rest_route=\/wp\/v2\/posts\/32931\/revisions"}],"predecessor-version":[{"id":32935,"href":"https:\/\/cnctulua.tv\/index.php?rest_route=\/wp\/v2\/posts\/32931\/revisions\/32935"}],"wp:featuredmedia":[{"embeddable":true,"href":"https:\/\/cnctulua.tv\/index.php?rest_route=\/wp\/v2\/media\/32934"}],"wp:attachment":[{"href":"https:\/\/cnctulua.tv\/index.php?rest_route=%2Fwp%2Fv2%2Fmedia&parent=32931"}],"wp:term":[{"taxonomy":"category","embeddable":true,"href":"https:\/\/cnctulua.tv\/index.php?rest_route=%2Fwp%2Fv2%2Fcategories&post=32931"},{"taxonomy":"post_tag","embeddable":true,"href":"https:\/\/cnctulua.tv\/index.php?rest_route=%2Fwp%2Fv2%2Ftags&post=32931"}],"curies":[{"name":"wp","href":"https:\/\/api.w.org\/{rel}","templated":true}]}}