{"id":32936,"date":"2025-04-08T19:42:10","date_gmt":"2025-04-08T19:42:10","guid":{"rendered":"https:\/\/cnctulua.tv\/?p=32936"},"modified":"2025-04-08T19:42:10","modified_gmt":"2025-04-08T19:42:10","slug":"hechos-violentos-en-tulua-y-trujillo-dos-homicidios-en-menos-de-24-horas","status":"publish","type":"post","link":"https:\/\/cnctulua.tv\/?p=32936","title":{"rendered":"Hechos Violentos en Tulu\u00e1 y Trujillo: DOS HOMICIDIOS EN MENOS DE 24 HORAS."},"content":{"rendered":"\n<p>El 7 de abril, la tranquilidad de la zona occidental de Tulu\u00e1 se vio interrumpida por un suceso en el barrio Sintras San Carlos. Jonathan Garc\u00eda, de 36 a\u00f1os y trabajador en la filial local del Deportivo Cali, fue asesinado de manera violenta. El TC. Jaime Hern\u00e1n Rey Vargas, comandante del Segundo Distrito de Polic\u00eda de Tulu\u00e1, confirm\u00f3 el hecho: \u00abTarde de ayer en el \u00e1rea urbana del municipio de Tulu\u00e1, barrios intra San Carlos, se present\u00f3 el homicidio con arma de fuego de una persona de 36 a\u00f1os.\u00bb<\/p>\n\n\n\n<figure class=\"wp-block-image size-large\"><img loading=\"lazy\" decoding=\"async\" width=\"763\" height=\"1024\" src=\"https:\/\/cnctulua.tv\/wp-content\/uploads\/2025\/04\/barrista-763x1024.jpeg\" alt=\"\" class=\"wp-image-32937\" srcset=\"https:\/\/cnctulua.tv\/wp-content\/uploads\/2025\/04\/barrista-763x1024.jpeg 763w, https:\/\/cnctulua.tv\/wp-content\/uploads\/2025\/04\/barrista-224x300.jpeg 224w, https:\/\/cnctulua.tv\/wp-content\/uploads\/2025\/04\/barrista-768x1031.jpeg 768w, https:\/\/cnctulua.tv\/wp-content\/uploads\/2025\/04\/barrista.jpeg 939w\" sizes=\"auto, (max-width: 763px) 100vw, 763px\" \/><\/figure>\n\n\n\n<p>Seg\u00fan informaci\u00f3n preliminar, Garc\u00eda se desplazaba en una motocicleta, color negra, cuando fue atacado a tiros. \u00abDe acuerdo con algunas informaciones de vecinos, quienes manifiestan escuchar algunas de estas ocasiones posterior, un fuerte impacto cuando la persona pierde el control de la motocicleta choca con un poste de la luz y posteriormente pues cae y fallece en el lugar\u00bb, explic\u00f3 el comandante Rey Vargas. Las autoridades siguen trabajando en el caso, y este crimen ya es objeto de investigaci\u00f3n.<\/p>\n\n\n\n<figure class=\"wp-block-embed is-type-video is-provider-youtube wp-block-embed-youtube wp-embed-aspect-16-9 wp-has-aspect-ratio\"><div class=\"wp-block-embed__wrapper\">\n<iframe loading=\"lazy\" title=\"Violencia en el Valle del Cauca, en Trujillo una dama y en Tulu\u00e1 un hombre las victimas.\" width=\"640\" height=\"360\" src=\"https:\/\/www.youtube.com\/embed\/NUAkMmkrFu0?feature=oembed\" frameborder=\"0\" allow=\"accelerometer; autoplay; clipboard-write; encrypted-media; gyroscope; picture-in-picture; web-share\" referrerpolicy=\"strict-origin-when-cross-origin\" allowfullscreen><\/iframe>\n<\/div><\/figure>\n\n\n\n<p>24 horas despu\u00e9s, la violencia volvi\u00f3 a hacer estragos en la regi\u00f3n. La madrugada del 8 de abril, el municipio de Trujillo se vio sacudido por otro asesinato, esta vez en el barrio Pueblo Nuevo. La v\u00edctima, identificada como Angie Paola Rodr\u00edguez Montoya, de 26 a\u00f1os, fue asesinada con un arma blanca dentro de su residencia.<\/p>\n\n\n\n<figure class=\"wp-block-image size-full\"><img loading=\"lazy\" decoding=\"async\" width=\"133\" height=\"205\" src=\"https:\/\/cnctulua.tv\/wp-content\/uploads\/2025\/04\/Captura-de-pantalla-2025-04-08-144116.png\" alt=\"\" class=\"wp-image-32938\"\/><\/figure>\n\n\n\n<p>\u00abSe presenta el homicidio de una mujer de 26 a\u00f1os al interior de una residencia en el municipio de Trujillo. Hechos realizados con arma blanca se est\u00e1 investigando si las exparejas o otras personas de sexo masculino est\u00e1n vinculados o qu\u00e9 hip\u00f3tesis\u00bb, declar\u00f3 el TC. Jaime Hern\u00e1n Rey Vargas. Adem\u00e1s, se est\u00e1 recopilando informaci\u00f3n de los allegados para esclarecer los motivos detr\u00e1s de este asesinato.<\/p>\n\n\n\n<p>Angie Paola Rodr\u00edguez, originaria de la vereda La Siria en la zona rural de Trujillo, deja atr\u00e1s a dos peque\u00f1as de 9 y 5 a\u00f1os. Este crimen ha conmocionado a la comunidad, mientras las autoridades, en coordinaci\u00f3n con la Fiscal\u00eda General de la Naci\u00f3n, intensifican las investigaciones para encontrar a los responsables de estos actos violentos.<\/p>\n","protected":false},"excerpt":{"rendered":"<p>El 7 de abril, la tranquilidad de la zona occidental de Tulu\u00e1 se vio interrumpida por un suceso en el barrio Sintras San Carlos. Jonathan Garc\u00eda, de 36 a\u00f1os y trabajador en la filial local del Deportivo Cali, fue asesinado de manera violenta. El TC. Jaime Hern\u00e1n Rey Vargas, comandante del Segundo Distrito de Polic\u00eda [&hellip;]<\/p>\n","protected":false},"author":3,"featured_media":32938,"comment_status":"open","ping_status":"open","sticky":false,"template":"","format":"video","meta":{"footnotes":""},"categories":[10],"tags":[],"class_list":["post-32936","post","type-post","status-publish","format-video","has-post-thumbnail","hentry","category-cnc-noticias-tulua","post_format-post-format-video"],"_links":{"self":[{"href":"https:\/\/cnctulua.tv\/index.php?rest_route=\/wp\/v2\/posts\/32936","targetHints":{"allow":["GET"]}}],"collection":[{"href":"https:\/\/cnctulua.tv\/index.php?rest_route=\/wp\/v2\/posts"}],"about":[{"href":"https:\/\/cnctulua.tv\/index.php?rest_route=\/wp\/v2\/types\/post"}],"author":[{"embeddable":true,"href":"https:\/\/cnctulua.tv\/index.php?rest_route=\/wp\/v2\/users\/3"}],"replies":[{"embeddable":true,"href":"https:\/\/cnctulua.tv\/index.php?rest_route=%2Fwp%2Fv2%2Fcomments&post=32936"}],"version-history":[{"count":1,"href":"https:\/\/cnctulua.tv\/index.php?rest_route=\/wp\/v2\/posts\/32936\/revisions"}],"predecessor-version":[{"id":32939,"href":"https:\/\/cnctulua.tv\/index.php?rest_route=\/wp\/v2\/posts\/32936\/revisions\/32939"}],"wp:featuredmedia":[{"embeddable":true,"href":"https:\/\/cnctulua.tv\/index.php?rest_route=\/wp\/v2\/media\/32938"}],"wp:attachment":[{"href":"https:\/\/cnctulua.tv\/index.php?rest_route=%2Fwp%2Fv2%2Fmedia&parent=32936"}],"wp:term":[{"taxonomy":"category","embeddable":true,"href":"https:\/\/cnctulua.tv\/index.php?rest_route=%2Fwp%2Fv2%2Fcategories&post=32936"},{"taxonomy":"post_tag","embeddable":true,"href":"https:\/\/cnctulua.tv\/index.php?rest_route=%2Fwp%2Fv2%2Ftags&post=32936"}],"curies":[{"name":"wp","href":"https:\/\/api.w.org\/{rel}","templated":true}]}}