{"id":32993,"date":"2025-04-09T18:50:39","date_gmt":"2025-04-09T18:50:39","guid":{"rendered":"https:\/\/cnctulua.tv\/?p=32993"},"modified":"2025-04-09T18:50:39","modified_gmt":"2025-04-09T18:50:39","slug":"judicializados-por-porte-ilegal-de-armas-y-violencia-de-genero-en-el-valle-del-cauca","status":"publish","type":"post","link":"https:\/\/cnctulua.tv\/?p=32993","title":{"rendered":"JUDICIALIZADOS por Porte Ilegal de Armas y Violencia de G\u00e9nero en el Valle del Cauca"},"content":{"rendered":"\n<p>Recientes operativos en el Valle del Cauca han resultado en diversas judicializaciones relacionadas con el porte ilegal de armas y casos de violencia de g\u00e9nero. En Buenaventura, Edgar Garc\u00eda Lozano y Jos\u00e9 Arnold de Jes\u00fas Valencia Cuero, alias Bambam, integrantes de la estructura criminal \u2018La Local\u2019, fueron condenados a 18 a\u00f1os de prisi\u00f3n por los delitos de fabricaci\u00f3n, tr\u00e1fico y porte ilegal de armas de fuego.<\/p>\n\n\n\n<figure class=\"wp-block-image size-large\"><img loading=\"lazy\" decoding=\"async\" width=\"1024\" height=\"665\" src=\"https:\/\/cnctulua.tv\/wp-content\/uploads\/2025\/04\/ARMAS-DE-FUEGO-Y-EXPLOSIVOS-1024x665.jpeg\" alt=\"\" class=\"wp-image-32994\" srcset=\"https:\/\/cnctulua.tv\/wp-content\/uploads\/2025\/04\/ARMAS-DE-FUEGO-Y-EXPLOSIVOS-1024x665.jpeg 1024w, https:\/\/cnctulua.tv\/wp-content\/uploads\/2025\/04\/ARMAS-DE-FUEGO-Y-EXPLOSIVOS-300x195.jpeg 300w, https:\/\/cnctulua.tv\/wp-content\/uploads\/2025\/04\/ARMAS-DE-FUEGO-Y-EXPLOSIVOS-768x499.jpeg 768w, https:\/\/cnctulua.tv\/wp-content\/uploads\/2025\/04\/ARMAS-DE-FUEGO-Y-EXPLOSIVOS.jpeg 1385w\" sizes=\"auto, (max-width: 1024px) 100vw, 1024px\" \/><\/figure>\n\n\n\n<p>La captura de estos sujetos se produjo el 25 de julio de 2020, durante un enfrentamiento armado en los barrios El Carmen y Cascajal, ubicados en la Comuna Once de Buenaventura. En ese contexto, los dos hombres fueron sorprendidos portando armas de fuego con munici\u00f3n, sin contar con los documentos que acreditaran su porte legal. Tras la diligencia judicial, los imputados fueron enviados a prisi\u00f3n preventiva mientras avanzaba el juicio, que culmin\u00f3 con la condena de primera instancia.<\/p>\n\n\n\n<figure class=\"wp-block-embed is-type-video is-provider-youtube wp-block-embed-youtube wp-embed-aspect-16-9 wp-has-aspect-ratio\"><div class=\"wp-block-embed__wrapper\">\n<iframe loading=\"lazy\" title=\"\ud83d\ude93 Detenidos miembros de \u2018La Local\u2019 y otros criminales: Operativos claves en el Valle del Cauca \ud83d\udd25\" width=\"640\" height=\"360\" src=\"https:\/\/www.youtube.com\/embed\/VJXdjTw7tm0?feature=oembed\" frameborder=\"0\" allow=\"accelerometer; autoplay; clipboard-write; encrypted-media; gyroscope; picture-in-picture; web-share\" referrerpolicy=\"strict-origin-when-cross-origin\" allowfullscreen><\/iframe>\n<\/div><\/figure>\n\n\n\n<p>Por otro lado, la Fiscal\u00eda General de la Naci\u00f3n ha judicializado a tres personas por delitos relacionados con armas de fuego en las localidades de Guadalajara de Buga y Calima El Dari\u00e9n. En Calima El Dari\u00e9n, Juan Steban Calle Lara y Gustavo Adolfo Calle fueron detenidos en flagrancia por la Polic\u00eda Nacional en el barrio San Jorge. En su poder, las autoridades encontraron pistolas, munici\u00f3n y elementos de uso privativo, lo que dio pie a su judicializaci\u00f3n por fabricaci\u00f3n, tr\u00e1fico, porte o tenencia de armas de fuego y municiones restringidas. Adem\u00e1s, en Buga, Leonardo Cu\u00e9llar Villegas fue detenido durante un allanamiento realizado por la Dij\u00edn y el Ej\u00e9rcito Nacional, donde se incautaron armas de fuego, una barra de explosivo C-4 y otros elementos vinculados a grupos armados ilegales. Los tres detenidos deber\u00e1n cumplir con medidas de aseguramiento mientras contin\u00faa el proceso judicial.<\/p>\n\n\n\n<figure class=\"wp-block-image size-large\"><img loading=\"lazy\" decoding=\"async\" width=\"1024\" height=\"576\" src=\"https:\/\/cnctulua.tv\/wp-content\/uploads\/2025\/04\/COMPANERA-SENTIMENTA-1024x576.jpeg\" alt=\"\" class=\"wp-image-32995\" srcset=\"https:\/\/cnctulua.tv\/wp-content\/uploads\/2025\/04\/COMPANERA-SENTIMENTA-1024x576.jpeg 1024w, https:\/\/cnctulua.tv\/wp-content\/uploads\/2025\/04\/COMPANERA-SENTIMENTA-300x169.jpeg 300w, https:\/\/cnctulua.tv\/wp-content\/uploads\/2025\/04\/COMPANERA-SENTIMENTA-768x432.jpeg 768w, https:\/\/cnctulua.tv\/wp-content\/uploads\/2025\/04\/COMPANERA-SENTIMENTA-1536x864.jpeg 1536w, https:\/\/cnctulua.tv\/wp-content\/uploads\/2025\/04\/COMPANERA-SENTIMENTA.jpeg 1600w\" sizes=\"auto, (max-width: 1024px) 100vw, 1024px\" \/><\/figure>\n\n\n\n<p>En otro incidente, un hombre de 29 a\u00f1os fue judicializado por intentar asesinar a su compa\u00f1era sentimental en Guadalajara de Buga. Seg\u00fan las investigaciones, el sujeto intent\u00f3 asfixiar a la v\u00edctima en tres ocasiones durante una discusi\u00f3n en su vivienda, ubicada en el barrio Alto Bonito. La Polic\u00eda Nacional lo captur\u00f3 en flagrancia, y la Fiscal\u00eda lo imput\u00f3 por feminicidio agravado en grado de tentativa. El detenido no acept\u00f3 los cargos y fue enviado a prisi\u00f3n preventiva por un juez de control de garant\u00edas mientras contin\u00faa el proceso judicial.<\/p>\n\n\n\n<figure class=\"wp-block-video\"><\/figure>\n","protected":false},"excerpt":{"rendered":"<p>Recientes operativos en el Valle del Cauca han resultado en diversas judicializaciones relacionadas con el porte ilegal de armas y casos de violencia de g\u00e9nero. En Buenaventura, Edgar Garc\u00eda Lozano y Jos\u00e9 Arnold de Jes\u00fas Valencia Cuero, alias Bambam, integrantes de la estructura criminal \u2018La Local\u2019, fueron condenados a 18 a\u00f1os de prisi\u00f3n por los [&hellip;]<\/p>\n","protected":false},"author":3,"featured_media":32996,"comment_status":"open","ping_status":"open","sticky":false,"template":"","format":"video","meta":{"footnotes":""},"categories":[10],"tags":[],"class_list":["post-32993","post","type-post","status-publish","format-video","has-post-thumbnail","hentry","category-cnc-noticias-tulua","post_format-post-format-video"],"_links":{"self":[{"href":"https:\/\/cnctulua.tv\/index.php?rest_route=\/wp\/v2\/posts\/32993","targetHints":{"allow":["GET"]}}],"collection":[{"href":"https:\/\/cnctulua.tv\/index.php?rest_route=\/wp\/v2\/posts"}],"about":[{"href":"https:\/\/cnctulua.tv\/index.php?rest_route=\/wp\/v2\/types\/post"}],"author":[{"embeddable":true,"href":"https:\/\/cnctulua.tv\/index.php?rest_route=\/wp\/v2\/users\/3"}],"replies":[{"embeddable":true,"href":"https:\/\/cnctulua.tv\/index.php?rest_route=%2Fwp%2Fv2%2Fcomments&post=32993"}],"version-history":[{"count":1,"href":"https:\/\/cnctulua.tv\/index.php?rest_route=\/wp\/v2\/posts\/32993\/revisions"}],"predecessor-version":[{"id":32997,"href":"https:\/\/cnctulua.tv\/index.php?rest_route=\/wp\/v2\/posts\/32993\/revisions\/32997"}],"wp:featuredmedia":[{"embeddable":true,"href":"https:\/\/cnctulua.tv\/index.php?rest_route=\/wp\/v2\/media\/32996"}],"wp:attachment":[{"href":"https:\/\/cnctulua.tv\/index.php?rest_route=%2Fwp%2Fv2%2Fmedia&parent=32993"}],"wp:term":[{"taxonomy":"category","embeddable":true,"href":"https:\/\/cnctulua.tv\/index.php?rest_route=%2Fwp%2Fv2%2Fcategories&post=32993"},{"taxonomy":"post_tag","embeddable":true,"href":"https:\/\/cnctulua.tv\/index.php?rest_route=%2Fwp%2Fv2%2Ftags&post=32993"}],"curies":[{"name":"wp","href":"https:\/\/api.w.org\/{rel}","templated":true}]}}