{"id":33006,"date":"2025-04-09T19:02:38","date_gmt":"2025-04-09T19:02:38","guid":{"rendered":"https:\/\/cnctulua.tv\/?p=33006"},"modified":"2025-04-09T19:02:38","modified_gmt":"2025-04-09T19:02:38","slug":"homenaje-a-los-heroes-caidos-y-a-las-victimas-del-conflicto-armado-en-colombia","status":"publish","type":"post","link":"https:\/\/cnctulua.tv\/?p=33006","title":{"rendered":"Homenaje a los H\u00e9roes Ca\u00eddos y a las V\u00edctimas del Conflicto Armado en Colombia"},"content":{"rendered":"\n<p>Este 9 de abril, la Tercera Brigada del Ej\u00e9rcito Nacional de Colombia llev\u00f3 a cabo un emotivo homenaje a los soldados ca\u00eddos y a aquellos que han sido afectados por las secuelas del conflicto armado, as\u00ed como a sus familias.<\/p>\n\n\n\n<p>Este acto se enmarca en la conmemoraci\u00f3n del D\u00eda de la Memoria y Solidaridad con las V\u00edctimas del Conflicto Armado, una fecha que busca rendir tributo a las v\u00edctimas del conflicto y reconocer el sacrificio de los militares que han entregado sus vidas en defensa de la seguridad del pa\u00eds.<\/p>\n\n\n\n<figure class=\"wp-block-embed is-type-video is-provider-youtube wp-block-embed-youtube wp-embed-aspect-16-9 wp-has-aspect-ratio\"><div class=\"wp-block-embed__wrapper\">\n<iframe loading=\"lazy\" title=\"\ud83d\udc94 D\u00eda de la Memoria: Homenaje a las V\u00edctimas del Conflicto Armado en Colombia\" width=\"640\" height=\"360\" src=\"https:\/\/www.youtube.com\/embed\/ZEoc7015SKw?feature=oembed\" frameborder=\"0\" allow=\"accelerometer; autoplay; clipboard-write; encrypted-media; gyroscope; picture-in-picture; web-share\" referrerpolicy=\"strict-origin-when-cross-origin\" allowfullscreen><\/iframe>\n<\/div><\/figure>\n\n\n\n<p>La jornada comenz\u00f3 con una solemne ofrenda floral en el Cant\u00f3n Militar Pichincha, un lugar significativo donde se record\u00f3 a los h\u00e9roes ca\u00eddos con respeto y gratitud. El evento estuvo marcado por un profundo sentimiento de solidaridad hacia aquellos que, adem\u00e1s de haber perdido a sus seres queridos, siguen enfrentando las consecuencias del conflicto armado, tales como secuelas f\u00edsicas y psicol\u00f3gicas.<\/p>\n\n\n\n<p>En su intervenci\u00f3n, los organizadores del evento, encabezados por la Tercera Brigada del Ej\u00e9rcito, resaltaron el compromiso del Ej\u00e9rcito Nacional con la memoria hist\u00f3rica, la verdad y la reparaci\u00f3n de las v\u00edctimas del conflicto. Durante el acto, se destac\u00f3 la importancia de no olvidar a aquellos que, a lo largo de las d\u00e9cadas de violencia en Colombia, han sufrido por la guerra y sus consecuencias.<\/p>\n\n\n\n<figure class=\"wp-block-image size-large\"><img loading=\"lazy\" decoding=\"async\" width=\"1024\" height=\"682\" src=\"https:\/\/cnctulua.tv\/wp-content\/uploads\/2025\/04\/WhatsApp-Image-2025-04-09-at-11.56.12-AM-1-1024x682.jpeg\" alt=\"\" class=\"wp-image-33008\" srcset=\"https:\/\/cnctulua.tv\/wp-content\/uploads\/2025\/04\/WhatsApp-Image-2025-04-09-at-11.56.12-AM-1-1024x682.jpeg 1024w, https:\/\/cnctulua.tv\/wp-content\/uploads\/2025\/04\/WhatsApp-Image-2025-04-09-at-11.56.12-AM-1-300x200.jpeg 300w, https:\/\/cnctulua.tv\/wp-content\/uploads\/2025\/04\/WhatsApp-Image-2025-04-09-at-11.56.12-AM-1-768x512.jpeg 768w, https:\/\/cnctulua.tv\/wp-content\/uploads\/2025\/04\/WhatsApp-Image-2025-04-09-at-11.56.12-AM-1.jpeg 1280w\" sizes=\"auto, (max-width: 1024px) 100vw, 1024px\" \/><\/figure>\n\n\n\n<p>De acuerdo con la Unidad para la Atenci\u00f3n y Reparaci\u00f3n Integral a las V\u00edctimas (UARIV), hasta el 28 de febrero de 2025, 9.888.182 personas han sido registradas en el Registro \u00danico de V\u00edctimas (RUV). Las estad\u00edsticas de esta entidad revelan que los militares contin\u00faan siendo v\u00edctimas del conflicto, principalmente debido a hechos como desplazamientos forzados, homicidios, amenazas, desapariciones forzadas y lesiones causadas por minas antipersonal y artefactos explosivos improvisados.<\/p>\n\n\n\n<figure class=\"wp-block-image size-large\"><img loading=\"lazy\" decoding=\"async\" width=\"1024\" height=\"682\" src=\"https:\/\/cnctulua.tv\/wp-content\/uploads\/2025\/04\/WhatsApp-Image-2025-04-09-at-11.56.12-AM-2-1024x682.jpeg\" alt=\"\" class=\"wp-image-33009\" srcset=\"https:\/\/cnctulua.tv\/wp-content\/uploads\/2025\/04\/WhatsApp-Image-2025-04-09-at-11.56.12-AM-2-1024x682.jpeg 1024w, https:\/\/cnctulua.tv\/wp-content\/uploads\/2025\/04\/WhatsApp-Image-2025-04-09-at-11.56.12-AM-2-300x200.jpeg 300w, https:\/\/cnctulua.tv\/wp-content\/uploads\/2025\/04\/WhatsApp-Image-2025-04-09-at-11.56.12-AM-2-768x512.jpeg 768w, https:\/\/cnctulua.tv\/wp-content\/uploads\/2025\/04\/WhatsApp-Image-2025-04-09-at-11.56.12-AM-2.jpeg 1280w\" sizes=\"auto, (max-width: 1024px) 100vw, 1024px\" \/><\/figure>\n\n\n\n<p>Este evento, organizado por la Tercera Brigada del Ej\u00e9rcito Nacional, refuerza el compromiso de las Fuerzas Armadas con el respeto a los derechos humanos y la dignidad de todas las v\u00edctimas, tanto civiles como militares. Asimismo, subraya la importancia de recordar y aprender del pasado para contribuir a la construcci\u00f3n de una paz duradera en Colombia.<\/p>\n\n\n\n<p>El homenaje realizado hoy no solo fue un acto de reconocimiento a quienes sacrificaron sus vidas, sino tambi\u00e9n un recordatorio del compromiso de Colombia con la memoria, la verdad y la justicia, esenciales para la sanaci\u00f3n de las heridas dejadas por el conflicto armado.<\/p>\n\n\n\n<figure class=\"wp-block-video\"><\/figure>\n","protected":false},"excerpt":{"rendered":"<p>Este 9 de abril, la Tercera Brigada del Ej\u00e9rcito Nacional de Colombia llev\u00f3 a cabo un emotivo homenaje a los soldados ca\u00eddos y a aquellos que han sido afectados por las secuelas del conflicto armado, as\u00ed como a sus familias. Este acto se enmarca en la conmemoraci\u00f3n del D\u00eda de la Memoria y Solidaridad con [&hellip;]<\/p>\n","protected":false},"author":3,"featured_media":33007,"comment_status":"open","ping_status":"open","sticky":false,"template":"","format":"video","meta":{"footnotes":""},"categories":[10],"tags":[],"class_list":["post-33006","post","type-post","status-publish","format-video","has-post-thumbnail","hentry","category-cnc-noticias-tulua","post_format-post-format-video"],"_links":{"self":[{"href":"https:\/\/cnctulua.tv\/index.php?rest_route=\/wp\/v2\/posts\/33006","targetHints":{"allow":["GET"]}}],"collection":[{"href":"https:\/\/cnctulua.tv\/index.php?rest_route=\/wp\/v2\/posts"}],"about":[{"href":"https:\/\/cnctulua.tv\/index.php?rest_route=\/wp\/v2\/types\/post"}],"author":[{"embeddable":true,"href":"https:\/\/cnctulua.tv\/index.php?rest_route=\/wp\/v2\/users\/3"}],"replies":[{"embeddable":true,"href":"https:\/\/cnctulua.tv\/index.php?rest_route=%2Fwp%2Fv2%2Fcomments&post=33006"}],"version-history":[{"count":1,"href":"https:\/\/cnctulua.tv\/index.php?rest_route=\/wp\/v2\/posts\/33006\/revisions"}],"predecessor-version":[{"id":33010,"href":"https:\/\/cnctulua.tv\/index.php?rest_route=\/wp\/v2\/posts\/33006\/revisions\/33010"}],"wp:featuredmedia":[{"embeddable":true,"href":"https:\/\/cnctulua.tv\/index.php?rest_route=\/wp\/v2\/media\/33007"}],"wp:attachment":[{"href":"https:\/\/cnctulua.tv\/index.php?rest_route=%2Fwp%2Fv2%2Fmedia&parent=33006"}],"wp:term":[{"taxonomy":"category","embeddable":true,"href":"https:\/\/cnctulua.tv\/index.php?rest_route=%2Fwp%2Fv2%2Fcategories&post=33006"},{"taxonomy":"post_tag","embeddable":true,"href":"https:\/\/cnctulua.tv\/index.php?rest_route=%2Fwp%2Fv2%2Ftags&post=33006"}],"curies":[{"name":"wp","href":"https:\/\/api.w.org\/{rel}","templated":true}]}}