{"id":33011,"date":"2025-04-09T19:10:21","date_gmt":"2025-04-09T19:10:21","guid":{"rendered":"https:\/\/cnctulua.tv\/?p=33011"},"modified":"2025-04-09T19:10:21","modified_gmt":"2025-04-09T19:10:21","slug":"la-violencia-no-debe-ser-parte-de-nuestra-normalidad-tulua-reafirma-su-compromiso-con-la-paz-y-la-reparacion","status":"publish","type":"post","link":"https:\/\/cnctulua.tv\/?p=33011","title":{"rendered":"\u00abLa violencia no debe ser parte de nuestra normalidad\u00bb: Tulu\u00e1 reafirma su compromiso con la paz y la reparaci\u00f3n"},"content":{"rendered":"\n<p>En un emotivo acto protocolario llevado a cabo en la Casa de la Cultura Enrique Uribe White de Tulu\u00e1, se record\u00f3 a las v\u00edctimas del conflicto armado y se reafirm\u00f3 el compromiso con la reparaci\u00f3n integral y la prevenci\u00f3n de la violencia en el municipio.<\/p>\n\n\n\n<p>Santiago Guzm\u00e1n Prada, Secretario Privado de la Alcald\u00eda, particip\u00f3 en la ceremonia y destac\u00f3 la labor de la administraci\u00f3n local en garantizar que los recursos lleguen efectivamente a las v\u00edctimas del conflicto. \u00abEstamos brindando todas las garant\u00edas, no solo de participaci\u00f3n en cada uno de los procesos que surte la administraci\u00f3n municipal en beneficio de las v\u00edctimas del conflicto, sino tambi\u00e9n extendemos garant\u00edas de reparaci\u00f3n y no repetici\u00f3n\u00bb, expres\u00f3 Guzm\u00e1n Prada durante su intervenci\u00f3n.<\/p>\n\n\n\n<figure class=\"wp-block-embed is-type-video is-provider-youtube wp-block-embed-youtube wp-embed-aspect-16-9 wp-has-aspect-ratio\"><div class=\"wp-block-embed__wrapper\">\n<iframe loading=\"lazy\" title=\"Tulu\u00e1 conmemora a las v\u00edctimas del conflicto armado: Un llamado a la reflexi\u00f3n por la paz\" width=\"640\" height=\"360\" src=\"https:\/\/www.youtube.com\/embed\/nZcTIQEwEng?feature=oembed\" frameborder=\"0\" allow=\"accelerometer; autoplay; clipboard-write; encrypted-media; gyroscope; picture-in-picture; web-share\" referrerpolicy=\"strict-origin-when-cross-origin\" allowfullscreen><\/iframe>\n<\/div><\/figure>\n\n\n\n<p>El Secretario Privado tambi\u00e9n hizo un llamado a la reflexi\u00f3n de la sociedad sobre su responsabilidad frente a la violencia, se\u00f1alando que es necesario hacer una autocr\u00edtica colectiva. \u00abAprovechando lo que viv\u00edamos en medios de comunicaci\u00f3n sobre el caso de la chica trans en Antioquia, nos toca revisar tambi\u00e9n si estamos siendo parte de la soluci\u00f3n o del problema. En medio de una sociedad que parece que la violencia se enquist\u00f3 dentro de su normalidad, este es el llamado a reflexionar y ser coherentes en nuestro discurso y en nuestros actos\u00bb, afirm\u00f3.<\/p>\n\n\n\n<figure class=\"wp-block-image size-large\"><img loading=\"lazy\" decoding=\"async\" width=\"1024\" height=\"768\" src=\"https:\/\/cnctulua.tv\/wp-content\/uploads\/2025\/04\/WhatsApp-Image-2025-04-09-at-2.08.44-PM-4-1024x768.jpeg\" alt=\"\" class=\"wp-image-33012\" srcset=\"https:\/\/cnctulua.tv\/wp-content\/uploads\/2025\/04\/WhatsApp-Image-2025-04-09-at-2.08.44-PM-4-1024x768.jpeg 1024w, https:\/\/cnctulua.tv\/wp-content\/uploads\/2025\/04\/WhatsApp-Image-2025-04-09-at-2.08.44-PM-4-300x225.jpeg 300w, https:\/\/cnctulua.tv\/wp-content\/uploads\/2025\/04\/WhatsApp-Image-2025-04-09-at-2.08.44-PM-4-768x576.jpeg 768w, https:\/\/cnctulua.tv\/wp-content\/uploads\/2025\/04\/WhatsApp-Image-2025-04-09-at-2.08.44-PM-4-1536x1152.jpeg 1536w, https:\/\/cnctulua.tv\/wp-content\/uploads\/2025\/04\/WhatsApp-Image-2025-04-09-at-2.08.44-PM-4.jpeg 1600w\" sizes=\"auto, (max-width: 1024px) 100vw, 1024px\" \/><\/figure>\n\n\n\n<p>Asimismo, Guzm\u00e1n Prada record\u00f3 el trabajo que realiza la unidad de v\u00edctimas y la mesa de v\u00edctimas en el municipio, con el fin de asegurar que los recursos y beneficios lleguen a quienes realmente lo necesitan. \u00abContamos con la mesa de v\u00edctimas, una unidad de v\u00edctimas que mantenemos nutriendo con informaci\u00f3n y tratamos de ser lo m\u00e1s atentos posible para que los recursos lleguen a las verdaderas v\u00edctimas\u00bb, a\u00f1adi\u00f3.<\/p>\n\n\n\n<p>Este acto protocolario refleja el compromiso de Tulu\u00e1 con la memoria de las v\u00edctimas del conflicto armado y con la implementaci\u00f3n de medidas que garanticen la reparaci\u00f3n de los afectados y la no repetici\u00f3n de los hechos violentos que marcaron la historia del pa\u00eds. La ceremonia tambi\u00e9n fue una oportunidad para hacer un llamado a la reconciliaci\u00f3n y al trabajo conjunto de la comunidad para construir un futuro pac\u00edfico.<\/p>\n\n\n\n<figure class=\"wp-block-video\"><\/figure>\n","protected":false},"excerpt":{"rendered":"<p>En un emotivo acto protocolario llevado a cabo en la Casa de la Cultura Enrique Uribe White de Tulu\u00e1, se record\u00f3 a las v\u00edctimas del conflicto armado y se reafirm\u00f3 el compromiso con la reparaci\u00f3n integral y la prevenci\u00f3n de la violencia en el municipio. Santiago Guzm\u00e1n Prada, Secretario Privado de la Alcald\u00eda, particip\u00f3 en [&hellip;]<\/p>\n","protected":false},"author":3,"featured_media":33013,"comment_status":"open","ping_status":"open","sticky":false,"template":"","format":"video","meta":{"footnotes":""},"categories":[10],"tags":[],"class_list":["post-33011","post","type-post","status-publish","format-video","has-post-thumbnail","hentry","category-cnc-noticias-tulua","post_format-post-format-video"],"_links":{"self":[{"href":"https:\/\/cnctulua.tv\/index.php?rest_route=\/wp\/v2\/posts\/33011","targetHints":{"allow":["GET"]}}],"collection":[{"href":"https:\/\/cnctulua.tv\/index.php?rest_route=\/wp\/v2\/posts"}],"about":[{"href":"https:\/\/cnctulua.tv\/index.php?rest_route=\/wp\/v2\/types\/post"}],"author":[{"embeddable":true,"href":"https:\/\/cnctulua.tv\/index.php?rest_route=\/wp\/v2\/users\/3"}],"replies":[{"embeddable":true,"href":"https:\/\/cnctulua.tv\/index.php?rest_route=%2Fwp%2Fv2%2Fcomments&post=33011"}],"version-history":[{"count":1,"href":"https:\/\/cnctulua.tv\/index.php?rest_route=\/wp\/v2\/posts\/33011\/revisions"}],"predecessor-version":[{"id":33014,"href":"https:\/\/cnctulua.tv\/index.php?rest_route=\/wp\/v2\/posts\/33011\/revisions\/33014"}],"wp:featuredmedia":[{"embeddable":true,"href":"https:\/\/cnctulua.tv\/index.php?rest_route=\/wp\/v2\/media\/33013"}],"wp:attachment":[{"href":"https:\/\/cnctulua.tv\/index.php?rest_route=%2Fwp%2Fv2%2Fmedia&parent=33011"}],"wp:term":[{"taxonomy":"category","embeddable":true,"href":"https:\/\/cnctulua.tv\/index.php?rest_route=%2Fwp%2Fv2%2Fcategories&post=33011"},{"taxonomy":"post_tag","embeddable":true,"href":"https:\/\/cnctulua.tv\/index.php?rest_route=%2Fwp%2Fv2%2Ftags&post=33011"}],"curies":[{"name":"wp","href":"https:\/\/api.w.org\/{rel}","templated":true}]}}