{"id":33015,"date":"2025-04-09T19:12:17","date_gmt":"2025-04-09T19:12:17","guid":{"rendered":"https:\/\/cnctulua.tv\/?p=33015"},"modified":"2025-04-09T19:12:17","modified_gmt":"2025-04-09T19:12:17","slug":"paz-en-colombia-que-falta-para-completar-el-proceso-segun-la-onu","status":"publish","type":"post","link":"https:\/\/cnctulua.tv\/?p=33015","title":{"rendered":"PAZ EN COLOMBIA: Qu\u00e9 falta para completar el proceso seg\u00fan la ONU."},"content":{"rendered":"\n<p>Pedro Bernis Oliveira Pacheco, representante de la Misi\u00f3n de Verificaci\u00f3n de las Naciones Unidas, record\u00f3 que el D\u00eda de la Memoria de las V\u00edctimas del Conflicto Armado es un momento crucial para reflexionar sobre los avances y desaf\u00edos que enfrenta el proceso de paz en Colombia. Durante su intervenci\u00f3n, Pacheco destac\u00f3 que \u201cla firma del acuerdo de paz ha significado un avance importante para la disminuci\u00f3n de la violencia en el pa\u00eds\u201d, sin embargo, se\u00f1al\u00f3 que \u201ca pesar de estos avances, persisten muchos desaf\u00edos que a\u00fan deben ser implementados para lograr una paz duradera\u201d.<\/p>\n\n\n\n<figure class=\"wp-block-image size-large\"><img loading=\"lazy\" decoding=\"async\" width=\"1024\" height=\"768\" src=\"https:\/\/cnctulua.tv\/wp-content\/uploads\/2025\/04\/WhatsApp-Image-2025-04-09-at-2.08.44-PM-1-1024x768.jpeg\" alt=\"\" class=\"wp-image-33016\" srcset=\"https:\/\/cnctulua.tv\/wp-content\/uploads\/2025\/04\/WhatsApp-Image-2025-04-09-at-2.08.44-PM-1-1024x768.jpeg 1024w, https:\/\/cnctulua.tv\/wp-content\/uploads\/2025\/04\/WhatsApp-Image-2025-04-09-at-2.08.44-PM-1-300x225.jpeg 300w, https:\/\/cnctulua.tv\/wp-content\/uploads\/2025\/04\/WhatsApp-Image-2025-04-09-at-2.08.44-PM-1-768x576.jpeg 768w, https:\/\/cnctulua.tv\/wp-content\/uploads\/2025\/04\/WhatsApp-Image-2025-04-09-at-2.08.44-PM-1-1536x1152.jpeg 1536w, https:\/\/cnctulua.tv\/wp-content\/uploads\/2025\/04\/WhatsApp-Image-2025-04-09-at-2.08.44-PM-1.jpeg 1600w\" sizes=\"auto, (max-width: 1024px) 100vw, 1024px\" \/><\/figure>\n\n\n\n<p>Uno de los puntos que destac\u00f3 el representante de la ONU es que, aunque ha habido avances en la restituci\u00f3n de tierras y en el restablecimiento de derechos de las v\u00edctimas, a\u00fan existen \u00e1reas donde es necesario trabajar con mayor celeridad. En este sentido, afirm\u00f3 que \u201cel Gobierno colombiano tiene la oportunidad de seguir avanzando con los compromisos del acuerdo de paz, principalmente en lo que toca la restituci\u00f3n de tierras y el restablecimiento de derechos de las v\u00edctimas del conflicto\u201d.<\/p>\n\n\n\n<p>Pacheco hizo hincapi\u00e9 en la importancia de continuar avanzando en la implementaci\u00f3n del cap\u00edtulo \u00e9tnico del acuerdo, ya que las poblaciones afrocolombianas, ind\u00edgenas y campesinas siguen siendo vulnerables y necesitan ser atendidas de manera prioritaria. En este contexto, coment\u00f3 que \u201cen nuestra verificaci\u00f3n hemos observado avances, pero tambi\u00e9n es evidente que se requiere un esfuerzo adicional para que las poblaciones m\u00e1s afectadas por el conflicto reciban las garant\u00edas necesarias para su reparaci\u00f3n\u201d.<\/p>\n\n\n\n<figure class=\"wp-block-embed is-type-video is-provider-youtube wp-block-embed-youtube wp-embed-aspect-16-9 wp-has-aspect-ratio\"><div class=\"wp-block-embed__wrapper\">\n<iframe loading=\"lazy\" title=\"ONU sobre la implementaci\u00f3n del acuerdo de paz en Colombia\" width=\"640\" height=\"360\" src=\"https:\/\/www.youtube.com\/embed\/bjo9cx9FsaY?feature=oembed\" frameborder=\"0\" allow=\"accelerometer; autoplay; clipboard-write; encrypted-media; gyroscope; picture-in-picture; web-share\" referrerpolicy=\"strict-origin-when-cross-origin\" allowfullscreen><\/iframe>\n<\/div><\/figure>\n\n\n\n<p>El representante tambi\u00e9n destac\u00f3 la necesidad de integrar a las personas reincorporadas al proceso de paz, mencionando que los procesos con la Justicia Especial para la Paz (JEP) son fundamentales para garantizar la verdad, la reparaci\u00f3n y la restituci\u00f3n de derechos. En relaci\u00f3n a la situaci\u00f3n en el Valle del Cauca, Pacheco se\u00f1al\u00f3 que \u201caunque hemos visto avances en la restituci\u00f3n de tierras en algunos municipios, todav\u00eda enfrentamos varios desaf\u00edos que requieren atenci\u00f3n urgente, particularmente en lo que respecta a la integraci\u00f3n de los reincorporados\u201d.<\/p>\n\n\n\n<p>Finalmente, Pedro Bernis hizo un llamado a la reflexi\u00f3n y a la acci\u00f3n conjunta para garantizar la paz en el pa\u00eds, subrayando que \u201ccontinuar apostando por la paz y trabajar de la mano con las instituciones colombianas es fundamental para asegurar que los derechos de las v\u00edctimas sean plenamente restaurados y para evitar que la violencia se repita\u201d. En su mensaje final, inst\u00f3 a todos los actores involucrados a comprometerse con la implementaci\u00f3n del acuerdo de paz, para garantizar una Colombia m\u00e1s justa y pac\u00edfica.<\/p>\n\n\n\n<figure class=\"wp-block-video\"><\/figure>\n","protected":false},"excerpt":{"rendered":"<p>Pedro Bernis Oliveira Pacheco, representante de la Misi\u00f3n de Verificaci\u00f3n de las Naciones Unidas, record\u00f3 que el D\u00eda de la Memoria de las V\u00edctimas del Conflicto Armado es un momento crucial para reflexionar sobre los avances y desaf\u00edos que enfrenta el proceso de paz en Colombia. Durante su intervenci\u00f3n, Pacheco destac\u00f3 que \u201cla firma del [&hellip;]<\/p>\n","protected":false},"author":3,"featured_media":33017,"comment_status":"open","ping_status":"open","sticky":false,"template":"","format":"video","meta":{"footnotes":""},"categories":[10],"tags":[],"class_list":["post-33015","post","type-post","status-publish","format-video","has-post-thumbnail","hentry","category-cnc-noticias-tulua","post_format-post-format-video"],"_links":{"self":[{"href":"https:\/\/cnctulua.tv\/index.php?rest_route=\/wp\/v2\/posts\/33015","targetHints":{"allow":["GET"]}}],"collection":[{"href":"https:\/\/cnctulua.tv\/index.php?rest_route=\/wp\/v2\/posts"}],"about":[{"href":"https:\/\/cnctulua.tv\/index.php?rest_route=\/wp\/v2\/types\/post"}],"author":[{"embeddable":true,"href":"https:\/\/cnctulua.tv\/index.php?rest_route=\/wp\/v2\/users\/3"}],"replies":[{"embeddable":true,"href":"https:\/\/cnctulua.tv\/index.php?rest_route=%2Fwp%2Fv2%2Fcomments&post=33015"}],"version-history":[{"count":1,"href":"https:\/\/cnctulua.tv\/index.php?rest_route=\/wp\/v2\/posts\/33015\/revisions"}],"predecessor-version":[{"id":33018,"href":"https:\/\/cnctulua.tv\/index.php?rest_route=\/wp\/v2\/posts\/33015\/revisions\/33018"}],"wp:featuredmedia":[{"embeddable":true,"href":"https:\/\/cnctulua.tv\/index.php?rest_route=\/wp\/v2\/media\/33017"}],"wp:attachment":[{"href":"https:\/\/cnctulua.tv\/index.php?rest_route=%2Fwp%2Fv2%2Fmedia&parent=33015"}],"wp:term":[{"taxonomy":"category","embeddable":true,"href":"https:\/\/cnctulua.tv\/index.php?rest_route=%2Fwp%2Fv2%2Fcategories&post=33015"},{"taxonomy":"post_tag","embeddable":true,"href":"https:\/\/cnctulua.tv\/index.php?rest_route=%2Fwp%2Fv2%2Ftags&post=33015"}],"curies":[{"name":"wp","href":"https:\/\/api.w.org\/{rel}","templated":true}]}}