{"id":33019,"date":"2025-04-09T19:18:19","date_gmt":"2025-04-09T19:18:19","guid":{"rendered":"https:\/\/cnctulua.tv\/?p=33019"},"modified":"2025-04-09T19:18:19","modified_gmt":"2025-04-09T19:18:19","slug":"lanzamiento-del-programa-vallexporta-en-tulua-impulso-a-la-internacionalizacion-de-los-empresarios","status":"publish","type":"post","link":"https:\/\/cnctulua.tv\/?p=33019","title":{"rendered":"LANZAMIENTO DEL PROGRAMA \u00abVallexporta\u00bb en Tulu\u00e1: Impulso a la internacionalizaci\u00f3n de los empresarios"},"content":{"rendered":"\n<p>El pasado martes, en las instalaciones de la C\u00e1mara de Comercio de Tulu\u00e1, se llev\u00f3 a cabo el lanzamiento oficial del programa Vallexporta, una iniciativa de la Gobernaci\u00f3n del Valle del Cauca en colaboraci\u00f3n con la C\u00e1mara de Comercio de Tulu\u00e1. Este proyecto tiene como objetivo principal fortalecer las capacidades exportadoras de los emprendedores y empresarios de la regi\u00f3n, brind\u00e1ndoles formaci\u00f3n, asesor\u00eda y acompa\u00f1amiento en el proceso de exportaci\u00f3n de sus productos y servicios a mercados internacionales.<\/p>\n\n\n\n<p>Durante el evento, el alcalde de Tulu\u00e1, Gustavo Adolfo V\u00e9lez Rom\u00e1n, destac\u00f3 la relevancia de esta iniciativa para el municipio. \u00abPara lo primero es agradecerle a la Gobernaci\u00f3n del Valle del Cauca, que est\u00e1 haciendo esta socializaci\u00f3n de un programa muy valioso para los emprendedores, para los empresarios, incluso de nuestro departamento, que tiene como objetivo fundamental la posibilidad de exportar nuestros productos no solamente a Estados Unidos, sino tambi\u00e9n a Europa o a cualquiera de los mercados a los cuales nosotros queremos llegar\u00bb, expres\u00f3 el alcalde.<\/p>\n\n\n\n<figure class=\"wp-block-image size-large\"><img loading=\"lazy\" decoding=\"async\" width=\"1024\" height=\"683\" src=\"https:\/\/cnctulua.tv\/wp-content\/uploads\/2025\/04\/WhatsApp-Image-2025-04-09-at-10.27.45-AM-1024x683.jpeg\" alt=\"\" class=\"wp-image-33020\" srcset=\"https:\/\/cnctulua.tv\/wp-content\/uploads\/2025\/04\/WhatsApp-Image-2025-04-09-at-10.27.45-AM-1024x683.jpeg 1024w, https:\/\/cnctulua.tv\/wp-content\/uploads\/2025\/04\/WhatsApp-Image-2025-04-09-at-10.27.45-AM-300x200.jpeg 300w, https:\/\/cnctulua.tv\/wp-content\/uploads\/2025\/04\/WhatsApp-Image-2025-04-09-at-10.27.45-AM-768x512.jpeg 768w, https:\/\/cnctulua.tv\/wp-content\/uploads\/2025\/04\/WhatsApp-Image-2025-04-09-at-10.27.45-AM-1536x1024.jpeg 1536w, https:\/\/cnctulua.tv\/wp-content\/uploads\/2025\/04\/WhatsApp-Image-2025-04-09-at-10.27.45-AM.jpeg 1620w\" sizes=\"auto, (max-width: 1024px) 100vw, 1024px\" \/><\/figure>\n\n\n\n<p>V\u00e9lez Rom\u00e1n subray\u00f3 la importancia de la alianza estrat\u00e9gica con la C\u00e1mara de Comercio de Tulu\u00e1 y otras entidades departamentales para impulsar este programa de internacionalizaci\u00f3n. \u00abAqu\u00ed hay un tema muy interesante, y es que se ha podido hacer una alianza tambi\u00e9n con C\u00e1mara de Comercio, con varias C\u00e1maras de Comercio a nivel departamental, y nosotros como municipio estamos participando directamente en ese proceso de internacionalizaci\u00f3n con la C\u00e1mara de Comercio, haciendo un aporte de 100 millones de pesos del presupuesto del municipio para apoyar todo ese tipo de iniciativas\u00bb, afirm\u00f3.<\/p>\n\n\n\n<figure class=\"wp-block-embed is-type-video is-provider-youtube wp-block-embed-youtube wp-embed-aspect-16-9 wp-has-aspect-ratio\"><div class=\"wp-block-embed__wrapper\">\n<iframe loading=\"lazy\" title=\"\ud83c\udf0d\ud83d\ude80 Tulu\u00e1 se internacionaliza con &quot;Vallexporta&quot; \ud83d\udcbc\" width=\"640\" height=\"360\" src=\"https:\/\/www.youtube.com\/embed\/54agnGh4d5A?feature=oembed\" frameborder=\"0\" allow=\"accelerometer; autoplay; clipboard-write; encrypted-media; gyroscope; picture-in-picture; web-share\" referrerpolicy=\"strict-origin-when-cross-origin\" allowfullscreen><\/iframe>\n<\/div><\/figure>\n\n\n\n<p>El alcalde tambi\u00e9n hizo referencia a la integraci\u00f3n de este programa con otras iniciativas de gran envergadura para la regi\u00f3n, como el programa de turismo religioso, que busca fortalecer el atractivo de Tulu\u00e1 como destino internacional. \u00abAdicionalmente, con C\u00e1mara de Comercio y con entidades que se relacionan y que tienen injerencia en el turismo religioso, venimos siendo parte de ese programa tambi\u00e9n de turismo religioso, que se viene desarrollando a nivel internacional y que va a permitir la llegada de personas que vienen del Vaticano de la Santa Sede\u00bb, explic\u00f3 V\u00e9lez Rom\u00e1n.<\/p>\n\n\n\n<p>El programa Vallexporta no solo se limita a la exportaci\u00f3n de productos, sino que tambi\u00e9n ofrece oportunidades en el \u00e1mbito de servicios tecnol\u00f3gicos. El alcalde destac\u00f3 las recientes acciones para promover nuevos sectores de exportaci\u00f3n. \u00abEl a\u00f1o pasado fuimos con la C\u00e1mara de Comercio de Estados Unidos, funcionarios de la C\u00e1mara, al centro de la Florida, tambi\u00e9n a Samport, buscando conocer de primera mano las oportunidades que pueden tener aquellos que tengan esa intenci\u00f3n\u00bb, coment\u00f3 V\u00e9lez Rom\u00e1n.<\/p>\n\n\n\n<p>Adem\u00e1s, el alcalde resalt\u00f3 los beneficios que se generar\u00edan a partir de la creaci\u00f3n de empresas en mercados internacionales, mencionando las facilidades para establecer una cuenta bancaria y registrar actividades de comercio exterior. \u00abEste a\u00f1o, la consejera Pilar Coronel hizo una relaci\u00f3n muy interesante en el \u00e1rea de productos de preparaci\u00f3n en Tampa, Florida, que nos puede permitir abrir espacios para que las personas no solo ofrezcan productos, sino tambi\u00e9n servicios tecnol\u00f3gicos de dise\u00f1o m\u00e9dico, entre otros\u00bb, a\u00f1adi\u00f3.<\/p>\n\n\n\n<p>Con esta nueva iniciativa, Tulu\u00e1 da un paso firme hacia la internacionalizaci\u00f3n, brindando a sus emprendedores y empresarios las herramientas necesarias para acceder a mercados internacionales. Vallexporta se posiciona como una excelente oportunidad para el crecimiento econ\u00f3mico y la expansi\u00f3n de los negocios locales, promoviendo la internacionalizaci\u00f3n de Tulu\u00e1 y la regi\u00f3n.<\/p>\n\n\n\n<figure class=\"wp-block-video\"><\/figure>\n","protected":false},"excerpt":{"rendered":"<p>El pasado martes, en las instalaciones de la C\u00e1mara de Comercio de Tulu\u00e1, se llev\u00f3 a cabo el lanzamiento oficial del programa Vallexporta, una iniciativa de la Gobernaci\u00f3n del Valle del Cauca en colaboraci\u00f3n con la C\u00e1mara de Comercio de Tulu\u00e1. Este proyecto tiene como objetivo principal fortalecer las capacidades exportadoras de los emprendedores y [&hellip;]<\/p>\n","protected":false},"author":3,"featured_media":33021,"comment_status":"open","ping_status":"open","sticky":false,"template":"","format":"video","meta":{"footnotes":""},"categories":[10],"tags":[],"class_list":["post-33019","post","type-post","status-publish","format-video","has-post-thumbnail","hentry","category-cnc-noticias-tulua","post_format-post-format-video"],"_links":{"self":[{"href":"https:\/\/cnctulua.tv\/index.php?rest_route=\/wp\/v2\/posts\/33019","targetHints":{"allow":["GET"]}}],"collection":[{"href":"https:\/\/cnctulua.tv\/index.php?rest_route=\/wp\/v2\/posts"}],"about":[{"href":"https:\/\/cnctulua.tv\/index.php?rest_route=\/wp\/v2\/types\/post"}],"author":[{"embeddable":true,"href":"https:\/\/cnctulua.tv\/index.php?rest_route=\/wp\/v2\/users\/3"}],"replies":[{"embeddable":true,"href":"https:\/\/cnctulua.tv\/index.php?rest_route=%2Fwp%2Fv2%2Fcomments&post=33019"}],"version-history":[{"count":1,"href":"https:\/\/cnctulua.tv\/index.php?rest_route=\/wp\/v2\/posts\/33019\/revisions"}],"predecessor-version":[{"id":33022,"href":"https:\/\/cnctulua.tv\/index.php?rest_route=\/wp\/v2\/posts\/33019\/revisions\/33022"}],"wp:featuredmedia":[{"embeddable":true,"href":"https:\/\/cnctulua.tv\/index.php?rest_route=\/wp\/v2\/media\/33021"}],"wp:attachment":[{"href":"https:\/\/cnctulua.tv\/index.php?rest_route=%2Fwp%2Fv2%2Fmedia&parent=33019"}],"wp:term":[{"taxonomy":"category","embeddable":true,"href":"https:\/\/cnctulua.tv\/index.php?rest_route=%2Fwp%2Fv2%2Fcategories&post=33019"},{"taxonomy":"post_tag","embeddable":true,"href":"https:\/\/cnctulua.tv\/index.php?rest_route=%2Fwp%2Fv2%2Ftags&post=33019"}],"curies":[{"name":"wp","href":"https:\/\/api.w.org\/{rel}","templated":true}]}}