{"id":33023,"date":"2025-04-09T19:24:48","date_gmt":"2025-04-09T19:24:48","guid":{"rendered":"https:\/\/cnctulua.tv\/?p=33023"},"modified":"2025-04-09T19:24:48","modified_gmt":"2025-04-09T19:24:48","slug":"tulua-se-globaliza-descubre-como-vallexporta-esta-transformando-a-nuestros-empresarios","status":"publish","type":"post","link":"https:\/\/cnctulua.tv\/?p=33023","title":{"rendered":"\u00a1TULU\u00c1 SE GLOBALIZA! Descubre c\u00f3mo Vallexporta est\u00e1 transformando a nuestros empresarios."},"content":{"rendered":"\n<p>Con el objetivo de impulsar la internacionalizaci\u00f3n de los empresarios y emprendedores de Tulu\u00e1, la Gobernaci\u00f3n del Valle del Cauca y la C\u00e1mara de Comercio de Tulu\u00e1 han lanzado oficialmente el programa Vallexporta. Esta iniciativa busca fortalecer las capacidades exportadoras de las empresas locales y brindarles las herramientas necesarias para acceder a nuevos mercados internacionales.<\/p>\n\n\n\n<p>Miguel \u00c1ngel Gonz\u00e1lez, Presidente de la C\u00e1mara de Comercio de Tulu\u00e1, destac\u00f3 la relevancia de este programa para la regi\u00f3n, afirmando que \u201cEl programa Vallexporta es un paso crucial en nuestra estrategia de internacionalizaci\u00f3n. A trav\u00e9s de esta iniciativa, queremos proporcionar a nuestros empresarios las herramientas necesarias para fortalecer sus procesos exportadores y abrir nuevos horizontes, no solo en Estados Unidos, sino tambi\u00e9n en Europa y Latinoam\u00e9rica.\u201d<\/p>\n\n\n\n<figure class=\"wp-block-embed is-type-video is-provider-youtube wp-block-embed-youtube wp-embed-aspect-16-9 wp-has-aspect-ratio\"><div class=\"wp-block-embed__wrapper\">\n<iframe loading=\"lazy\" title=\"Tulu\u00e1 se lanza al mundo con Vallexporta se abren las puertasn internacionalizaci\u00f3n para empresarios\" width=\"640\" height=\"360\" src=\"https:\/\/www.youtube.com\/embed\/QBr3GFrqcbI?feature=oembed\" frameborder=\"0\" allow=\"accelerometer; autoplay; clipboard-write; encrypted-media; gyroscope; picture-in-picture; web-share\" referrerpolicy=\"strict-origin-when-cross-origin\" allowfullscreen><\/iframe>\n<\/div><\/figure>\n\n\n\n<p>Este lanzamiento llega en un momento clave para Tulu\u00e1, ya que busca reactivar los procesos de exportaci\u00f3n que se vieron frenados por diversas situaciones econ\u00f3micas. En palabras de Gonz\u00e1lez, \u201cHay empresas que anteriormente exportaban y ahora han detenido sus operaciones. Nuestro objetivo es darles el apoyo necesario para que puedan retomar sus exportaciones y, al mismo tiempo, ayudar a los nuevos empresarios a estructurar sus procesos de exportaci\u00f3n.\u201d<\/p>\n\n\n\n<p>La Gobernaci\u00f3n del Valle del Cauca tambi\u00e9n ha mostrado su compromiso con el fortalecimiento del programa, trabajando de la mano con la C\u00e1mara de Comercio para garantizar que los recursos y el respaldo institucional est\u00e9n disponibles para los empresarios. Seg\u00fan Gonz\u00e1lez, \u201cEste es un trabajo conjunto con la Alcald\u00eda Municipal y otras instituciones del Valle del Cauca. Lo que buscamos es generar una sinergia que permita a nuestros empresarios acceder a la internacionalizaci\u00f3n, a trav\u00e9s de la reactivaci\u00f3n de mercados y la apertura de nuevos horizontes para sus productos.\u201d<\/p>\n\n\n\n<p>El programa Vallexporta se enfoca especialmente en las peque\u00f1as y medianas empresas (Mipymes) de Tulu\u00e1, que son el motor de la econom\u00eda local. A trav\u00e9s de capacitaci\u00f3n, asesor\u00eda y el fortalecimiento de procesos internos, se busca garantizar que estas empresas puedan competir con \u00e9xito en el \u00e1mbito internacional. \u201cEstamos comprometidos en fortalecer a las Mipymes para que puedan estructurar procesos exportadores y, de esta manera, contribuir a la reactivaci\u00f3n de la econom\u00eda del municipio y la regi\u00f3n\u201d, asegur\u00f3 Gonz\u00e1lez.<\/p>\n\n\n\n<p>Con Vallexporta, Tulu\u00e1 no solo busca reactivar mercados tradicionales como Estados Unidos, sino tambi\u00e9n explorar nuevos nichos en pa\u00edses como Espa\u00f1a, Portugal y otros destinos de Latinoam\u00e9rica. \u201cLo que buscamos es poder abrir nuevos mercados y acompa\u00f1ar a nuestros empresarios para que Tulu\u00e1 sea nuevamente un referente de exportaci\u00f3n, tanto en productos agroindustriales como en textiles, cosm\u00e9ticos y calzado,\u201d agreg\u00f3 el presidente de la C\u00e1mara de Comercio.<\/p>\n\n\n\n<p>Este esfuerzo conjunto, que involucra a diversas c\u00e1maras de comercio del Valle, tiene como objetivo fortalecer la infraestructura empresarial de la regi\u00f3n y crear una red de apoyo mutuo que facilite la integraci\u00f3n de los empresarios al mercado global. Gonz\u00e1lez concluy\u00f3: \u201cCon la colaboraci\u00f3n de la Alcald\u00eda y la Gobernaci\u00f3n del Valle, estamos construyendo una base s\u00f3lida para que nuestros empresarios puedan dar el salto hacia la internacionalizaci\u00f3n.\u201d<\/p>\n\n\n\n<p>Con la puesta en marcha de Vallexporta, Tulu\u00e1 marca el inicio de una nueva etapa en su proceso de internacionalizaci\u00f3n, posicionando a la ciudad y a la regi\u00f3n en el mapa global de exportaciones.<\/p>\n\n\n\n<figure class=\"wp-block-video\"><\/figure>\n","protected":false},"excerpt":{"rendered":"<p>Con el objetivo de impulsar la internacionalizaci\u00f3n de los empresarios y emprendedores de Tulu\u00e1, la Gobernaci\u00f3n del Valle del Cauca y la C\u00e1mara de Comercio de Tulu\u00e1 han lanzado oficialmente el programa Vallexporta. Esta iniciativa busca fortalecer las capacidades exportadoras de las empresas locales y brindarles las herramientas necesarias para acceder a nuevos mercados internacionales. [&hellip;]<\/p>\n","protected":false},"author":3,"featured_media":33024,"comment_status":"open","ping_status":"open","sticky":false,"template":"","format":"video","meta":{"footnotes":""},"categories":[10],"tags":[],"class_list":["post-33023","post","type-post","status-publish","format-video","has-post-thumbnail","hentry","category-cnc-noticias-tulua","post_format-post-format-video"],"_links":{"self":[{"href":"https:\/\/cnctulua.tv\/index.php?rest_route=\/wp\/v2\/posts\/33023","targetHints":{"allow":["GET"]}}],"collection":[{"href":"https:\/\/cnctulua.tv\/index.php?rest_route=\/wp\/v2\/posts"}],"about":[{"href":"https:\/\/cnctulua.tv\/index.php?rest_route=\/wp\/v2\/types\/post"}],"author":[{"embeddable":true,"href":"https:\/\/cnctulua.tv\/index.php?rest_route=\/wp\/v2\/users\/3"}],"replies":[{"embeddable":true,"href":"https:\/\/cnctulua.tv\/index.php?rest_route=%2Fwp%2Fv2%2Fcomments&post=33023"}],"version-history":[{"count":1,"href":"https:\/\/cnctulua.tv\/index.php?rest_route=\/wp\/v2\/posts\/33023\/revisions"}],"predecessor-version":[{"id":33025,"href":"https:\/\/cnctulua.tv\/index.php?rest_route=\/wp\/v2\/posts\/33023\/revisions\/33025"}],"wp:featuredmedia":[{"embeddable":true,"href":"https:\/\/cnctulua.tv\/index.php?rest_route=\/wp\/v2\/media\/33024"}],"wp:attachment":[{"href":"https:\/\/cnctulua.tv\/index.php?rest_route=%2Fwp%2Fv2%2Fmedia&parent=33023"}],"wp:term":[{"taxonomy":"category","embeddable":true,"href":"https:\/\/cnctulua.tv\/index.php?rest_route=%2Fwp%2Fv2%2Fcategories&post=33023"},{"taxonomy":"post_tag","embeddable":true,"href":"https:\/\/cnctulua.tv\/index.php?rest_route=%2Fwp%2Fv2%2Ftags&post=33023"}],"curies":[{"name":"wp","href":"https:\/\/api.w.org\/{rel}","templated":true}]}}