{"id":33063,"date":"2025-04-10T21:39:44","date_gmt":"2025-04-10T21:39:44","guid":{"rendered":"https:\/\/cnctulua.tv\/?p=33063"},"modified":"2025-04-10T21:39:44","modified_gmt":"2025-04-10T21:39:44","slug":"la-victoria-valle-la-comunidad-celebra-por-primera-vez-la-semana-santa-infantil","status":"publish","type":"post","link":"https:\/\/cnctulua.tv\/?p=33063","title":{"rendered":"LA VICTORIA, VALLE: La comunidad celebra por primera vez la Semana Santa Infantil"},"content":{"rendered":"\n<p>En un ambiente lleno de fe y entusiasmo, la comunidad del municipio de La Victoria, Valle, celebr\u00f3 por primera vez la Semana Santa Infantil, un evento que busc\u00f3 fortalecer las tradiciones religiosas entre los m\u00e1s j\u00f3venes, mientras se preparan para la Semana Santa mayor. Durante cuatro d\u00edas, ni\u00f1os, j\u00f3venes y familias de la localidad participaron activamente en actividades religiosas, conmemorando la pasi\u00f3n, muerte y resurrecci\u00f3n de Jesucristo.<\/p>\n\n\n\n<figure class=\"wp-block-embed is-type-video is-provider-youtube wp-block-embed-youtube wp-embed-aspect-16-9 wp-has-aspect-ratio\"><div class=\"wp-block-embed__wrapper\">\n<iframe loading=\"lazy\" title=\"\ud83c\udfa5 La Semana Santa Infantil en La Victoria: Una tradici\u00f3n que renace \ud83c\udf1f\" width=\"640\" height=\"360\" src=\"https:\/\/www.youtube.com\/embed\/k5TTJkpQ_Ao?feature=oembed\" frameborder=\"0\" allow=\"accelerometer; autoplay; clipboard-write; encrypted-media; gyroscope; picture-in-picture; web-share\" referrerpolicy=\"strict-origin-when-cross-origin\" allowfullscreen><\/iframe>\n<\/div><\/figure>\n\n\n\n<p>La organizaci\u00f3n del evento estuvo a cargo de la parroquia local, bajo la direcci\u00f3n del p\u00e1rroco, el Pbro. Alexander Etain Castillo, quien destac\u00f3 la importancia de involucrar a la ni\u00f1ez, adolescencia y juventud en la vivencia de la fe. \u00abEs un hecho muy especial para nuestro municipio, pues hemos logrado reunir a los ni\u00f1os y j\u00f3venes en torno a Cristo Jes\u00fas, reforzando su comprensi\u00f3n de los valores de la pasi\u00f3n, muerte y resurrecci\u00f3n del Se\u00f1or\u00bb, afirm\u00f3 el sacerdote.<\/p>\n\n\n\n<p>El evento incluy\u00f3 varias actividades significativas, como procesiones con im\u00e1genes religiosas, tronos, andas y vestuarios, que fueron adquiridos gracias a las donaciones de la comunidad. Adem\u00e1s, las familias trabajaron juntas para organizar las celebraciones y darles un toque \u00fanico que les permiti\u00f3 vivir la Semana Santa desde una perspectiva infantil, pero profundamente espiritual.<\/p>\n\n\n\n<p>Los ni\u00f1os que participaron en las procesiones y en otras actividades de la Semana Santa Infantil expresaron su alegr\u00eda por formar parte de esta celebraci\u00f3n hist\u00f3rica en La Victoria. \u00abMe siento muy feliz de estar aqu\u00ed, aprendiendo sobre Jes\u00fas y compartiendo con mis amigos\u00bb, coment\u00f3 uno de los ni\u00f1os participantes, destacando el ambiente de compa\u00f1erismo que se vivi\u00f3 durante los d\u00edas del evento.<\/p>\n\n\n\n<p>Con la presencia de numerosas familias y la activa participaci\u00f3n de los ni\u00f1os, este evento ha sido un \u00e9xito rotundo y promete convertirse en una tradici\u00f3n para futuras generaciones, celebrando la fe y promoviendo la uni\u00f3n comunitaria. La Semana Santa Infantil de La Victoria es un ejemplo de c\u00f3mo las tradiciones pueden renovarse y ser transmitidas de manera significativa a las nuevas generaciones.<\/p>\n\n\n\n<figure class=\"wp-block-video\"><\/figure>\n","protected":false},"excerpt":{"rendered":"<p>En un ambiente lleno de fe y entusiasmo, la comunidad del municipio de La Victoria, Valle, celebr\u00f3 por primera vez la Semana Santa Infantil, un evento que busc\u00f3 fortalecer las tradiciones religiosas entre los m\u00e1s j\u00f3venes, mientras se preparan para la Semana Santa mayor. Durante cuatro d\u00edas, ni\u00f1os, j\u00f3venes y familias de la localidad participaron [&hellip;]<\/p>\n","protected":false},"author":3,"featured_media":33064,"comment_status":"open","ping_status":"open","sticky":false,"template":"","format":"video","meta":{"footnotes":""},"categories":[10],"tags":[],"class_list":["post-33063","post","type-post","status-publish","format-video","has-post-thumbnail","hentry","category-cnc-noticias-tulua","post_format-post-format-video"],"_links":{"self":[{"href":"https:\/\/cnctulua.tv\/index.php?rest_route=\/wp\/v2\/posts\/33063","targetHints":{"allow":["GET"]}}],"collection":[{"href":"https:\/\/cnctulua.tv\/index.php?rest_route=\/wp\/v2\/posts"}],"about":[{"href":"https:\/\/cnctulua.tv\/index.php?rest_route=\/wp\/v2\/types\/post"}],"author":[{"embeddable":true,"href":"https:\/\/cnctulua.tv\/index.php?rest_route=\/wp\/v2\/users\/3"}],"replies":[{"embeddable":true,"href":"https:\/\/cnctulua.tv\/index.php?rest_route=%2Fwp%2Fv2%2Fcomments&post=33063"}],"version-history":[{"count":1,"href":"https:\/\/cnctulua.tv\/index.php?rest_route=\/wp\/v2\/posts\/33063\/revisions"}],"predecessor-version":[{"id":33065,"href":"https:\/\/cnctulua.tv\/index.php?rest_route=\/wp\/v2\/posts\/33063\/revisions\/33065"}],"wp:featuredmedia":[{"embeddable":true,"href":"https:\/\/cnctulua.tv\/index.php?rest_route=\/wp\/v2\/media\/33064"}],"wp:attachment":[{"href":"https:\/\/cnctulua.tv\/index.php?rest_route=%2Fwp%2Fv2%2Fmedia&parent=33063"}],"wp:term":[{"taxonomy":"category","embeddable":true,"href":"https:\/\/cnctulua.tv\/index.php?rest_route=%2Fwp%2Fv2%2Fcategories&post=33063"},{"taxonomy":"post_tag","embeddable":true,"href":"https:\/\/cnctulua.tv\/index.php?rest_route=%2Fwp%2Fv2%2Ftags&post=33063"}],"curies":[{"name":"wp","href":"https:\/\/api.w.org\/{rel}","templated":true}]}}