{"id":33066,"date":"2025-04-10T21:42:06","date_gmt":"2025-04-10T21:42:06","guid":{"rendered":"https:\/\/cnctulua.tv\/?p=33066"},"modified":"2025-04-10T21:42:06","modified_gmt":"2025-04-10T21:42:06","slug":"en-la-semana-santa-2025-el-valle-refuerza-la-proteccion-de-la-palma-de-cera-patrimonio-natural","status":"publish","type":"post","link":"https:\/\/cnctulua.tv\/?p=33066","title":{"rendered":"En la Semana Santa 2025, el Valle refuerza la protecci\u00f3n de la palma de cera, patrimonio natural"},"content":{"rendered":"\n<p>Con el objetivo de garantizar la seguridad y el bienestar de los habitantes y turistas que participar\u00e1n en las celebraciones de Semana Santa 2025, se ha puesto en marcha el Plan de Seguridad y Movilidad dise\u00f1ado por la Gobernaci\u00f3n del Valle y el Departamento de Polic\u00eda Valle.<\/p>\n\n\n\n<p>El plan, que se lanz\u00f3 en el Malec\u00f3n de Buenaventura, contar\u00e1 con el despliegue de m\u00e1s de 3.200 uniformados a lo largo y ancho del departamento. Este operativo de seguridad incluir\u00e1 un importante refuerzo en diversos puntos de alto tr\u00e1nsito y concentraci\u00f3n, como las principales iglesias, sitios tur\u00edsticos religiosos y culturales, adem\u00e1s de eventos p\u00fablicos que se celebran durante esta \u00e9poca.<\/p>\n\n\n\n<figure class=\"wp-block-image size-large\"><img loading=\"lazy\" decoding=\"async\" width=\"1024\" height=\"562\" src=\"https:\/\/cnctulua.tv\/wp-content\/uploads\/2025\/04\/WhatsApp-Image-2025-04-10-at-9.40.06-AM-1024x562.jpeg\" alt=\"\" class=\"wp-image-33067\" srcset=\"https:\/\/cnctulua.tv\/wp-content\/uploads\/2025\/04\/WhatsApp-Image-2025-04-10-at-9.40.06-AM-1024x562.jpeg 1024w, https:\/\/cnctulua.tv\/wp-content\/uploads\/2025\/04\/WhatsApp-Image-2025-04-10-at-9.40.06-AM-300x165.jpeg 300w, https:\/\/cnctulua.tv\/wp-content\/uploads\/2025\/04\/WhatsApp-Image-2025-04-10-at-9.40.06-AM-768x421.jpeg 768w, https:\/\/cnctulua.tv\/wp-content\/uploads\/2025\/04\/WhatsApp-Image-2025-04-10-at-9.40.06-AM-1536x843.jpeg 1536w, https:\/\/cnctulua.tv\/wp-content\/uploads\/2025\/04\/WhatsApp-Image-2025-04-10-at-9.40.06-AM-2048x1123.jpeg 2048w\" sizes=\"auto, (max-width: 1024px) 100vw, 1024px\" \/><\/figure>\n\n\n\n<p>Uno de los anuncios destacados fue la llegada de 100 nuevos efectivos, quienes estar\u00e1n distribuidos en las diferentes especialidades de la Polic\u00eda, para reforzar los cuadrantes de seguridad en lugares clave como la Bas\u00edlica del Se\u00f1or de los Milagros, la Catedral San Buenaventura y la Catedral Nuestra Se\u00f1ora del Rosario, entre otros.<\/p>\n\n\n\n<p>El plan tambi\u00e9n contempla una fuerte presencia en las principales v\u00edas del departamento, especialmente en los municipios de Buga y Lago Calima, que reciben gran cantidad de visitantes durante esta \u00e9poca. Igualmente, se implementar\u00e1n controles en terminales de transporte y en los peajes, con el objetivo de garantizar un tr\u00e1nsito seguro y fluido para quienes se desplacen a los destinos m\u00e1s visitados de la regi\u00f3n.<\/p>\n\n\n\n<figure class=\"wp-block-embed is-type-video is-provider-youtube wp-block-embed-youtube wp-embed-aspect-16-9 wp-has-aspect-ratio\"><div class=\"wp-block-embed__wrapper\">\n<iframe loading=\"lazy\" title=\"Seguridad y conservaci\u00f3n en Semana Santa: 3.200 uniformados en el Valle del Cauca \ud83d\udea8\ud83c\udf3f\" width=\"640\" height=\"360\" src=\"https:\/\/www.youtube.com\/embed\/7Yje3lymb_g?feature=oembed\" frameborder=\"0\" allow=\"accelerometer; autoplay; clipboard-write; encrypted-media; gyroscope; picture-in-picture; web-share\" referrerpolicy=\"strict-origin-when-cross-origin\" allowfullscreen><\/iframe>\n<\/div><\/figure>\n\n\n\n<p>En cuanto a los peregrinos que se desplazan entre Cali y otros destinos religiosos, se ha dispuesto un acompa\u00f1amiento especial para garantizar su seguridad durante los recorridos. Adem\u00e1s, se hace un llamado a las personas que visitan las playas y r\u00edos del Valle a tener especial cuidado con los ni\u00f1os y a evitar situaciones de riesgo, dado que se espera una gran afluencia de p\u00fablico en estos lugares.<\/p>\n\n\n\n<figure class=\"wp-block-image size-large\"><img loading=\"lazy\" decoding=\"async\" width=\"1024\" height=\"682\" src=\"https:\/\/cnctulua.tv\/wp-content\/uploads\/2025\/04\/WhatsApp-Image-2025-04-10-at-9.12.20-AM-1024x682.jpeg\" alt=\"\" class=\"wp-image-33068\" srcset=\"https:\/\/cnctulua.tv\/wp-content\/uploads\/2025\/04\/WhatsApp-Image-2025-04-10-at-9.12.20-AM-1024x682.jpeg 1024w, https:\/\/cnctulua.tv\/wp-content\/uploads\/2025\/04\/WhatsApp-Image-2025-04-10-at-9.12.20-AM-300x200.jpeg 300w, https:\/\/cnctulua.tv\/wp-content\/uploads\/2025\/04\/WhatsApp-Image-2025-04-10-at-9.12.20-AM-768x512.jpeg 768w, https:\/\/cnctulua.tv\/wp-content\/uploads\/2025\/04\/WhatsApp-Image-2025-04-10-at-9.12.20-AM.jpeg 1280w\" sizes=\"auto, (max-width: 1024px) 100vw, 1024px\" \/><\/figure>\n\n\n\n<p>El dispositivo de seguridad comenzar\u00e1 este fin de semana, con la tradicional procesi\u00f3n del Domingo de Ramos, y se extender\u00e1 durante toda la Semana Santa, con el objetivo de brindar un entorno seguro y tranquilo para los miles de colombianos y turistas que disfrutan de esta \u00e9poca religiosa en el Valle del Cauca.<\/p>\n\n\n\n<p>Las autoridades tambi\u00e9n han recordado a la comunidad que, en caso de presenciar alguna situaci\u00f3n que ponga en riesgo la seguridad, se puede realizar un reporte a trav\u00e9s de la l\u00ednea 123.<\/p>\n\n\n\n<figure class=\"wp-block-video\"><\/figure>\n","protected":false},"excerpt":{"rendered":"<p>Con el objetivo de garantizar la seguridad y el bienestar de los habitantes y turistas que participar\u00e1n en las celebraciones de Semana Santa 2025, se ha puesto en marcha el Plan de Seguridad y Movilidad dise\u00f1ado por la Gobernaci\u00f3n del Valle y el Departamento de Polic\u00eda Valle. El plan, que se lanz\u00f3 en el Malec\u00f3n [&hellip;]<\/p>\n","protected":false},"author":3,"featured_media":33069,"comment_status":"open","ping_status":"open","sticky":false,"template":"","format":"video","meta":{"footnotes":""},"categories":[10],"tags":[],"class_list":["post-33066","post","type-post","status-publish","format-video","has-post-thumbnail","hentry","category-cnc-noticias-tulua","post_format-post-format-video"],"_links":{"self":[{"href":"https:\/\/cnctulua.tv\/index.php?rest_route=\/wp\/v2\/posts\/33066","targetHints":{"allow":["GET"]}}],"collection":[{"href":"https:\/\/cnctulua.tv\/index.php?rest_route=\/wp\/v2\/posts"}],"about":[{"href":"https:\/\/cnctulua.tv\/index.php?rest_route=\/wp\/v2\/types\/post"}],"author":[{"embeddable":true,"href":"https:\/\/cnctulua.tv\/index.php?rest_route=\/wp\/v2\/users\/3"}],"replies":[{"embeddable":true,"href":"https:\/\/cnctulua.tv\/index.php?rest_route=%2Fwp%2Fv2%2Fcomments&post=33066"}],"version-history":[{"count":1,"href":"https:\/\/cnctulua.tv\/index.php?rest_route=\/wp\/v2\/posts\/33066\/revisions"}],"predecessor-version":[{"id":33070,"href":"https:\/\/cnctulua.tv\/index.php?rest_route=\/wp\/v2\/posts\/33066\/revisions\/33070"}],"wp:featuredmedia":[{"embeddable":true,"href":"https:\/\/cnctulua.tv\/index.php?rest_route=\/wp\/v2\/media\/33069"}],"wp:attachment":[{"href":"https:\/\/cnctulua.tv\/index.php?rest_route=%2Fwp%2Fv2%2Fmedia&parent=33066"}],"wp:term":[{"taxonomy":"category","embeddable":true,"href":"https:\/\/cnctulua.tv\/index.php?rest_route=%2Fwp%2Fv2%2Fcategories&post=33066"},{"taxonomy":"post_tag","embeddable":true,"href":"https:\/\/cnctulua.tv\/index.php?rest_route=%2Fwp%2Fv2%2Ftags&post=33066"}],"curies":[{"name":"wp","href":"https:\/\/api.w.org\/{rel}","templated":true}]}}