{"id":33115,"date":"2025-04-11T22:24:50","date_gmt":"2025-04-11T22:24:50","guid":{"rendered":"https:\/\/cnctulua.tv\/?p=33115"},"modified":"2025-04-11T22:24:50","modified_gmt":"2025-04-11T22:24:50","slug":"con-recursos-propios-jac-inicia-obra-para-personas-con-movilidad-reducida-en-barrio-victoria","status":"publish","type":"post","link":"https:\/\/cnctulua.tv\/?p=33115","title":{"rendered":"CON RECURSOS PROPIOS: JAC Inicia Obra para Personas con Movilidad Reducida en Barrio Victoria"},"content":{"rendered":"\n<p>La Junta de Acci\u00f3n Comunal (JAC) del Barrio Victoria est\u00e1 realizando adecuaciones para el ingreso a las instalaciones en la sede comunal, donde se ha iniciado la construcci\u00f3n de una nueva rampa de acceso, orientada a facilitar el ingreso de personas con movilidad reducida.<\/p>\n\n\n\n<figure class=\"wp-block-image size-large\"><img loading=\"lazy\" decoding=\"async\" width=\"1024\" height=\"554\" src=\"https:\/\/cnctulua.tv\/wp-content\/uploads\/2025\/04\/WhatsApp-Image-2025-04-11-at-5.23.24-PM-1024x554.jpeg\" alt=\"\" class=\"wp-image-33116\" srcset=\"https:\/\/cnctulua.tv\/wp-content\/uploads\/2025\/04\/WhatsApp-Image-2025-04-11-at-5.23.24-PM-1024x554.jpeg 1024w, https:\/\/cnctulua.tv\/wp-content\/uploads\/2025\/04\/WhatsApp-Image-2025-04-11-at-5.23.24-PM-300x162.jpeg 300w, https:\/\/cnctulua.tv\/wp-content\/uploads\/2025\/04\/WhatsApp-Image-2025-04-11-at-5.23.24-PM-768x416.jpeg 768w, https:\/\/cnctulua.tv\/wp-content\/uploads\/2025\/04\/WhatsApp-Image-2025-04-11-at-5.23.24-PM.jpeg 1280w\" sizes=\"auto, (max-width: 1024px) 100vw, 1024px\" \/><\/figure>\n\n\n\n<p>Esta iniciativa surge como respuesta a una experiencia reciente vivida por un aprendiz con discapacidad, quien enfrent\u00f3 serias dificultades para acceder al sal\u00f3n de clases por la ausencia de una entrada adecuada. A ra\u00edz de esta situaci\u00f3n, la comunidad identific\u00f3 la urgencia de adaptar su infraestructura y garantizar un entorno accesible para todos.<\/p>\n\n\n\n<p>El presidente de la JAC, Luis Eduardo Ayala, explic\u00f3 que la obra fue impulsada por la necesidad de ofrecer igualdad de oportunidades a todos los habitantes del barrio.&nbsp; \u201cNos vimos en la necesidad de hacer esta rampa para que personas con movilidad reducida tambi\u00e9n puedan beneficiarse de las actividades que realizamos en el barrio, sin importar sus limitaciones f\u00edsicas\u201d, afirm\u00f3 Ayala.<\/p>\n\n\n\n<figure class=\"wp-block-embed is-type-video is-provider-youtube wp-block-embed-youtube wp-embed-aspect-16-9 wp-has-aspect-ratio\"><div class=\"wp-block-embed__wrapper\">\n<iframe loading=\"lazy\" title=\"JAC Barrio Victoria construye rampa de acceso para personas con movilidad reducida\" width=\"640\" height=\"360\" src=\"https:\/\/www.youtube.com\/embed\/0pg9S3Dkk7U?feature=oembed\" frameborder=\"0\" allow=\"accelerometer; autoplay; clipboard-write; encrypted-media; gyroscope; picture-in-picture; web-share\" referrerpolicy=\"strict-origin-when-cross-origin\" allowfullscreen><\/iframe>\n<\/div><\/figure>\n\n\n\n<p>La financiaci\u00f3n del proyecto proviene de los ingresos generados por el alquiler del local comunal, ya que, seg\u00fan el presidente, la organizaci\u00f3n no cuenta con apoyo econ\u00f3mico de los gobiernos local, departamental ni nacional.&nbsp; \u201cTodo lo que hacemos lo financiamos con los recursos propios. Afortunadamente, contamos con el alquiler de nuestro local, que nos permite llevar a cabo estos proyectos sin depender de fondos externos\u201d, se\u00f1al\u00f3.<\/p>\n\n\n\n<p>La construcci\u00f3n de esta rampa no solo representa una mejora f\u00edsica en la infraestructura del lugar, sino tambi\u00e9n un paso clave hacia una comunidad m\u00e1s inclusiva. Esta adecuaci\u00f3n permitir\u00e1 a m\u00e1s personas participar en las actividades, capacitaciones y eventos que se desarrollan en la sede comunal, fortaleciendo la integraci\u00f3n social y la participaci\u00f3n ciudadana.<\/p>\n\n\n\n<p>Con este proyecto, la Junta de Acci\u00f3n Comunal del Barrio Victoria reafirma su compromiso con la equidad, la inclusi\u00f3n y el bienestar colectivo, demostrando que, con voluntad y gesti\u00f3n comunitaria, es posible generar cambios significativos desde lo local.<\/p>\n\n\n\n<figure class=\"wp-block-video\"><\/figure>\n","protected":false},"excerpt":{"rendered":"<p>La Junta de Acci\u00f3n Comunal (JAC) del Barrio Victoria est\u00e1 realizando adecuaciones para el ingreso a las instalaciones en la sede comunal, donde se ha iniciado la construcci\u00f3n de una nueva rampa de acceso, orientada a facilitar el ingreso de personas con movilidad reducida. Esta iniciativa surge como respuesta a una experiencia reciente vivida por [&hellip;]<\/p>\n","protected":false},"author":3,"featured_media":33117,"comment_status":"open","ping_status":"open","sticky":false,"template":"","format":"video","meta":{"footnotes":""},"categories":[1],"tags":[],"class_list":["post-33115","post","type-post","status-publish","format-video","has-post-thumbnail","hentry","category-uncategorized","post_format-post-format-video"],"_links":{"self":[{"href":"https:\/\/cnctulua.tv\/index.php?rest_route=\/wp\/v2\/posts\/33115","targetHints":{"allow":["GET"]}}],"collection":[{"href":"https:\/\/cnctulua.tv\/index.php?rest_route=\/wp\/v2\/posts"}],"about":[{"href":"https:\/\/cnctulua.tv\/index.php?rest_route=\/wp\/v2\/types\/post"}],"author":[{"embeddable":true,"href":"https:\/\/cnctulua.tv\/index.php?rest_route=\/wp\/v2\/users\/3"}],"replies":[{"embeddable":true,"href":"https:\/\/cnctulua.tv\/index.php?rest_route=%2Fwp%2Fv2%2Fcomments&post=33115"}],"version-history":[{"count":1,"href":"https:\/\/cnctulua.tv\/index.php?rest_route=\/wp\/v2\/posts\/33115\/revisions"}],"predecessor-version":[{"id":33118,"href":"https:\/\/cnctulua.tv\/index.php?rest_route=\/wp\/v2\/posts\/33115\/revisions\/33118"}],"wp:featuredmedia":[{"embeddable":true,"href":"https:\/\/cnctulua.tv\/index.php?rest_route=\/wp\/v2\/media\/33117"}],"wp:attachment":[{"href":"https:\/\/cnctulua.tv\/index.php?rest_route=%2Fwp%2Fv2%2Fmedia&parent=33115"}],"wp:term":[{"taxonomy":"category","embeddable":true,"href":"https:\/\/cnctulua.tv\/index.php?rest_route=%2Fwp%2Fv2%2Fcategories&post=33115"},{"taxonomy":"post_tag","embeddable":true,"href":"https:\/\/cnctulua.tv\/index.php?rest_route=%2Fwp%2Fv2%2Ftags&post=33115"}],"curies":[{"name":"wp","href":"https:\/\/api.w.org\/{rel}","templated":true}]}}