{"id":33121,"date":"2025-04-11T22:36:48","date_gmt":"2025-04-11T22:36:48","guid":{"rendered":"https:\/\/cnctulua.tv\/?p=33121"},"modified":"2025-04-11T22:36:48","modified_gmt":"2025-04-11T22:36:48","slug":"mas-de-16-iniciativas-en-ejecucion-articulacion-interna-fortalece-la-respuesta-institucional-en-tulua","status":"publish","type":"post","link":"https:\/\/cnctulua.tv\/?p=33121","title":{"rendered":"M\u00c1S DE 16 INICIATIVAS EN EJECUCI\u00d3N: articulaci\u00f3n interna fortalece la respuesta institucional en Tulu\u00e1"},"content":{"rendered":"\n<p><strong>Redacci\u00f3n CNC Noticias Tulu\u00e1:<\/strong> La Secretar\u00eda de Gobierno del municipio de Tulu\u00e1 realiz\u00f3 una jornada de articulaci\u00f3n interna con el objetivo de fortalecer la implementaci\u00f3n de 16 proyectos estrat\u00e9gicos que actualmente se encuentran en ejecuci\u00f3n. Estas iniciativas est\u00e1n dise\u00f1adas para impactar \u00e1reas clave como seguridad, convivencia ciudadana, fortalecimiento institucional, atenci\u00f3n a la comunidad y modernizaci\u00f3n de procesos.<\/p>\n\n\n\n<figure class=\"wp-block-image size-large\"><img loading=\"lazy\" decoding=\"async\" width=\"1024\" height=\"576\" src=\"https:\/\/cnctulua.tv\/wp-content\/uploads\/2025\/04\/vMix-Capture-11-abril-2025-17-31-43-1024x576.png\" alt=\"\" class=\"wp-image-33135\" srcset=\"https:\/\/cnctulua.tv\/wp-content\/uploads\/2025\/04\/vMix-Capture-11-abril-2025-17-31-43-1024x576.png 1024w, https:\/\/cnctulua.tv\/wp-content\/uploads\/2025\/04\/vMix-Capture-11-abril-2025-17-31-43-300x169.png 300w, https:\/\/cnctulua.tv\/wp-content\/uploads\/2025\/04\/vMix-Capture-11-abril-2025-17-31-43-768x432.png 768w, https:\/\/cnctulua.tv\/wp-content\/uploads\/2025\/04\/vMix-Capture-11-abril-2025-17-31-43-1536x864.png 1536w, https:\/\/cnctulua.tv\/wp-content\/uploads\/2025\/04\/vMix-Capture-11-abril-2025-17-31-43.png 1920w\" sizes=\"auto, (max-width: 1024px) 100vw, 1024px\" \/><\/figure>\n\n\n\n<p>Durante el encuentro se hizo un an\u00e1lisis detallado del estado actual de cada proyecto, identificando oportunidades de mejora, retos por afrontar y la necesidad de una coordinaci\u00f3n m\u00e1s efectiva entre los distintos equipos t\u00e9cnicos, operativos y administrativos. La jornada permiti\u00f3 alinear las acciones bajo un enfoque com\u00fan, reafirmando la importancia de un trabajo estructurado y colaborativo.<\/p>\n\n\n\n<p>Cada uno de l<strong>os 16 proyectos<\/strong> responde a necesidades espec\u00edficas del municipio y fueron priorizados por su capacidad de generar cambios reales en el territorio. El objetivo es entregar resultados concretos a corto y mediano plazo que reflejen un avance visible en la calidad de vida de los ciudadanos.<\/p>\n\n\n\n<figure class=\"wp-block-embed is-type-video is-provider-youtube wp-block-embed-youtube wp-embed-aspect-16-9 wp-has-aspect-ratio\"><div class=\"wp-block-embed__wrapper\">\n<iframe loading=\"lazy\" title=\"\ud83d\udd0e \u00bfQu\u00e9 pasa en Tulu\u00e1? 16 proyectos est\u00e1n cambiando la forma de gestionar la ciudad\" width=\"640\" height=\"360\" src=\"https:\/\/www.youtube.com\/embed\/0Jg1FEz_guA?feature=oembed\" frameborder=\"0\" allow=\"accelerometer; autoplay; clipboard-write; encrypted-media; gyroscope; picture-in-picture; web-share\" referrerpolicy=\"strict-origin-when-cross-origin\" allowfullscreen><\/iframe>\n<\/div><\/figure>\n\n\n\n<p>La articulaci\u00f3n entre equipos no solo busca mayor eficiencia en la ejecuci\u00f3n, sino tambi\u00e9n promover una cultura de responsabilidad compartida, <strong>donde cada actor comprenda el impacto de su labor<\/strong> en el resultado final. Se destac\u00f3 la necesidad de mantener espacios de coordinaci\u00f3n permanente que permitan hacer seguimiento riguroso y ajustar estrategias cuando sea necesario. Con este ejercicio, la Secretar\u00eda de Gobierno reafirma su compromiso con una gesti\u00f3n t\u00e9cnica, transparente y centrada en el cumplimiento de objetivos claros. La ejecuci\u00f3n de estos 16 proyectos marca una hoja de ruta para la transformaci\u00f3n territorial y representa un paso firme hacia un municipio m\u00e1s organizado, seguro y participativo.<\/p>\n\n\n\n<figure class=\"wp-block-video\"><\/figure>\n","protected":false},"excerpt":{"rendered":"<p>Redacci\u00f3n CNC Noticias Tulu\u00e1: La Secretar\u00eda de Gobierno del municipio de Tulu\u00e1 realiz\u00f3 una jornada de articulaci\u00f3n interna con el objetivo de fortalecer la implementaci\u00f3n de 16 proyectos estrat\u00e9gicos que actualmente se encuentran en ejecuci\u00f3n. Estas iniciativas est\u00e1n dise\u00f1adas para impactar \u00e1reas clave como seguridad, convivencia ciudadana, fortalecimiento institucional, atenci\u00f3n a la comunidad y modernizaci\u00f3n [&hellip;]<\/p>\n","protected":false},"author":3,"featured_media":33140,"comment_status":"open","ping_status":"open","sticky":false,"template":"","format":"video","meta":{"footnotes":""},"categories":[10],"tags":[],"class_list":["post-33121","post","type-post","status-publish","format-video","has-post-thumbnail","hentry","category-cnc-noticias-tulua","post_format-post-format-video"],"_links":{"self":[{"href":"https:\/\/cnctulua.tv\/index.php?rest_route=\/wp\/v2\/posts\/33121","targetHints":{"allow":["GET"]}}],"collection":[{"href":"https:\/\/cnctulua.tv\/index.php?rest_route=\/wp\/v2\/posts"}],"about":[{"href":"https:\/\/cnctulua.tv\/index.php?rest_route=\/wp\/v2\/types\/post"}],"author":[{"embeddable":true,"href":"https:\/\/cnctulua.tv\/index.php?rest_route=\/wp\/v2\/users\/3"}],"replies":[{"embeddable":true,"href":"https:\/\/cnctulua.tv\/index.php?rest_route=%2Fwp%2Fv2%2Fcomments&post=33121"}],"version-history":[{"count":1,"href":"https:\/\/cnctulua.tv\/index.php?rest_route=\/wp\/v2\/posts\/33121\/revisions"}],"predecessor-version":[{"id":33142,"href":"https:\/\/cnctulua.tv\/index.php?rest_route=\/wp\/v2\/posts\/33121\/revisions\/33142"}],"wp:featuredmedia":[{"embeddable":true,"href":"https:\/\/cnctulua.tv\/index.php?rest_route=\/wp\/v2\/media\/33140"}],"wp:attachment":[{"href":"https:\/\/cnctulua.tv\/index.php?rest_route=%2Fwp%2Fv2%2Fmedia&parent=33121"}],"wp:term":[{"taxonomy":"category","embeddable":true,"href":"https:\/\/cnctulua.tv\/index.php?rest_route=%2Fwp%2Fv2%2Fcategories&post=33121"},{"taxonomy":"post_tag","embeddable":true,"href":"https:\/\/cnctulua.tv\/index.php?rest_route=%2Fwp%2Fv2%2Ftags&post=33121"}],"curies":[{"name":"wp","href":"https:\/\/api.w.org\/{rel}","templated":true}]}}