{"id":33134,"date":"2025-04-11T22:35:16","date_gmt":"2025-04-11T22:35:16","guid":{"rendered":"https:\/\/cnctulua.tv\/?p=33134"},"modified":"2025-04-11T22:35:16","modified_gmt":"2025-04-11T22:35:16","slug":"que-es-la-semana-santa-y-como-se-vive-en-la-parroquia-del-espiritu-santo","status":"publish","type":"post","link":"https:\/\/cnctulua.tv\/?p=33134","title":{"rendered":"\u00bfQu\u00e9 es la Semana Santa y c\u00f3mo se vive en la Parroquia del Esp\u00edritu Santo?"},"content":{"rendered":"\n<p>La Semana Santa es uno de los per\u00edodos m\u00e1s importantes del a\u00f1o lit\u00fargico para los cat\u00f3licos, un tiempo de reflexi\u00f3n, meditaci\u00f3n y renovaci\u00f3n espiritual. En la Parroquia del Esp\u00edritu Santo de Tulu\u00e1, esta celebraci\u00f3n se vive con gran devoci\u00f3n y participaci\u00f3n de la comunidad. Este ciclo lit\u00fargico invita a los fieles a sumergirse en los misterios de la pasi\u00f3n, muerte y resurrecci\u00f3n de Jesucristo, momentos fundamentales de la fe cristiana.<\/p>\n\n\n\n<figure class=\"wp-block-image size-full\"><img loading=\"lazy\" decoding=\"async\" width=\"640\" height=\"425\" src=\"https:\/\/cnctulua.tv\/wp-content\/uploads\/2025\/04\/easter-735942_640.jpg\" alt=\"\" class=\"wp-image-33137\" srcset=\"https:\/\/cnctulua.tv\/wp-content\/uploads\/2025\/04\/easter-735942_640.jpg 640w, https:\/\/cnctulua.tv\/wp-content\/uploads\/2025\/04\/easter-735942_640-300x199.jpg 300w\" sizes=\"auto, (max-width: 640px) 100vw, 640px\" \/><\/figure>\n\n\n\n<p>La Semana Santa comienza con el Domingo de Ramos, que conmemora la entrada triunfal de Jes\u00fas a Jerusal\u00e9n. Este d\u00eda marca el inicio de una serie de eventos que, a lo largo de la semana, nos llevan a vivir los momentos m\u00e1s intensos y trascendentales de la fe cristiana. El Jueves Santo recuerda la \u00daltima Cena, en la que Jes\u00fas instituy\u00f3 la Eucarist\u00eda, mientras que el Viernes Santo rememora su pasi\u00f3n y muerte en la cruz, culminando con el Domingo de Pascua, cuando se celebra la resurrecci\u00f3n de Cristo, la victoria definitiva sobre la muerte.<\/p>\n\n\n\n<figure class=\"wp-block-embed is-type-video is-provider-youtube wp-block-embed-youtube wp-embed-aspect-16-9 wp-has-aspect-ratio\"><div class=\"wp-block-embed__wrapper\">\n<iframe loading=\"lazy\" title=\"\ud83d\ude4f Semana Santa en Tulu\u00e1: Celebraciones y Tradiciones en la Parroquia del Esp\u00edritu Santo \ud83c\udf3f\" width=\"640\" height=\"360\" src=\"https:\/\/www.youtube.com\/embed\/-UsrLaIozMU?feature=oembed\" frameborder=\"0\" allow=\"accelerometer; autoplay; clipboard-write; encrypted-media; gyroscope; picture-in-picture; web-share\" referrerpolicy=\"strict-origin-when-cross-origin\" allowfullscreen><\/iframe>\n<\/div><\/figure>\n\n\n\n<p>Durante estos d\u00edas, la Parroquia del Esp\u00edritu Santo organiza diversas actividades lit\u00fargicas, que incluyen procesiones y misas especiales, con el objetivo de ofrecer a los feligreses una vivencia completa de estos misterios. Seg\u00fan el presb\u00edtero Luis Mario Larenas, p\u00e1rroco de esta comunidad, la Semana Santa no solo es un tiempo de recordar eventos pasados, sino tambi\u00e9n una oportunidad para vivir la fe de manera renovada. \u201cEs un tiempo para la interiorizaci\u00f3n, para el encuentro personal con Jesucristo, y para caminar juntos como comunidad en este itinerario de fe\u201d, asegura el presb\u00edtero.<\/p>\n\n\n\n<p>La Semana Santa es, por tanto, una vivencia que va m\u00e1s all\u00e1 de las ceremonias lit\u00fargicas. Las procesiones, por ejemplo, son una manifestaci\u00f3n p\u00fablica de la fe, donde los fieles recorren las calles como peregrinos, rememorando los pasos de Jes\u00fas en su camino hacia la cruz. Estas procesiones, junto con las celebraciones lit\u00fargicas dentro del templo, invitan a los participantes a reflexionar sobre el sacrificio de Cristo y su amor por la humanidad.<\/p>\n\n\n\n<p>Cada d\u00eda de la Semana Santa tiene un profundo significado. El Domingo de Ramos es un recordatorio de la realeza de Cristo, el Jueves Santo de su entrega en la \u00daltima Cena, el Viernes Santo de su sacrificio redentor, y el Domingo de Pascua de la esperanza de la resurrecci\u00f3n. As\u00ed, este tiempo se convierte en una oportunidad para fortalecer la fe y renovar el compromiso cristiano, tanto a nivel personal como comunitario.<\/p>\n\n\n\n<p>La Parroquia del Esp\u00edritu Santo invita a todos los fieles a participar en estas celebraciones y a vivir con intensidad este tiempo de gracia, para caminar juntos en la fe, recordar el sacrificio de Cristo y celebrar su resurrecci\u00f3n. La Semana Santa es una experiencia \u00fanica, un viaje espiritual que ofrece la oportunidad de profundizar en el misterio de la salvaci\u00f3n y renovar la esperanza en la vida eterna.<\/p>\n\n\n\n<p>La Parroquia del Esp\u00edritu Santo de Tulu\u00e1 se prepara para vivir una Semana Santa cargada de reflexi\u00f3n, espiritualidad y tradici\u00f3n. Bajo la direcci\u00f3n del presb\u00edtero Luis Mario Larenas, la comunidad cat\u00f3lica local tiene la oportunidad de participar en una serie de actividades que profundizan en los misterios centrales de la fe cristiana: la pasi\u00f3n, muerte y resurrecci\u00f3n de Jesucristo.<\/p>\n\n\n\n<figure class=\"wp-block-video\"><\/figure>\n","protected":false},"excerpt":{"rendered":"<p>La Semana Santa es uno de los per\u00edodos m\u00e1s importantes del a\u00f1o lit\u00fargico para los cat\u00f3licos, un tiempo de reflexi\u00f3n, meditaci\u00f3n y renovaci\u00f3n espiritual. En la Parroquia del Esp\u00edritu Santo de Tulu\u00e1, esta celebraci\u00f3n se vive con gran devoci\u00f3n y participaci\u00f3n de la comunidad. Este ciclo lit\u00fargico invita a los fieles a sumergirse en los [&hellip;]<\/p>\n","protected":false},"author":3,"featured_media":33138,"comment_status":"open","ping_status":"open","sticky":false,"template":"","format":"video","meta":{"footnotes":""},"categories":[10],"tags":[],"class_list":["post-33134","post","type-post","status-publish","format-video","has-post-thumbnail","hentry","category-cnc-noticias-tulua","post_format-post-format-video"],"_links":{"self":[{"href":"https:\/\/cnctulua.tv\/index.php?rest_route=\/wp\/v2\/posts\/33134","targetHints":{"allow":["GET"]}}],"collection":[{"href":"https:\/\/cnctulua.tv\/index.php?rest_route=\/wp\/v2\/posts"}],"about":[{"href":"https:\/\/cnctulua.tv\/index.php?rest_route=\/wp\/v2\/types\/post"}],"author":[{"embeddable":true,"href":"https:\/\/cnctulua.tv\/index.php?rest_route=\/wp\/v2\/users\/3"}],"replies":[{"embeddable":true,"href":"https:\/\/cnctulua.tv\/index.php?rest_route=%2Fwp%2Fv2%2Fcomments&post=33134"}],"version-history":[{"count":1,"href":"https:\/\/cnctulua.tv\/index.php?rest_route=\/wp\/v2\/posts\/33134\/revisions"}],"predecessor-version":[{"id":33139,"href":"https:\/\/cnctulua.tv\/index.php?rest_route=\/wp\/v2\/posts\/33134\/revisions\/33139"}],"wp:featuredmedia":[{"embeddable":true,"href":"https:\/\/cnctulua.tv\/index.php?rest_route=\/wp\/v2\/media\/33138"}],"wp:attachment":[{"href":"https:\/\/cnctulua.tv\/index.php?rest_route=%2Fwp%2Fv2%2Fmedia&parent=33134"}],"wp:term":[{"taxonomy":"category","embeddable":true,"href":"https:\/\/cnctulua.tv\/index.php?rest_route=%2Fwp%2Fv2%2Fcategories&post=33134"},{"taxonomy":"post_tag","embeddable":true,"href":"https:\/\/cnctulua.tv\/index.php?rest_route=%2Fwp%2Fv2%2Ftags&post=33134"}],"curies":[{"name":"wp","href":"https:\/\/api.w.org\/{rel}","templated":true}]}}