{"id":33199,"date":"2025-04-14T19:15:58","date_gmt":"2025-04-14T19:15:58","guid":{"rendered":"https:\/\/cnctulua.tv\/?p=33199"},"modified":"2025-04-14T19:15:58","modified_gmt":"2025-04-14T19:15:58","slug":"la-semana-santa-un-camino-de-preparacion-espiritual-para-los-feligreses","status":"publish","type":"post","link":"https:\/\/cnctulua.tv\/?p=33199","title":{"rendered":"La Semana Santa: Un camino de preparaci\u00f3n espiritual para los feligreses"},"content":{"rendered":"\n<p>Con el inicio de la Semana Santa, los feligreses comienzan un camino de intensa reflexi\u00f3n y devoci\u00f3n, prepar\u00e1ndose para la celebraci\u00f3n del misterio Pascual: la pasi\u00f3n, muerte y resurrecci\u00f3n de Jesucristo. Los tres d\u00edas previos al Triduo Pascual lunes, martes y mi\u00e9rcoles son fundamentales en este proceso de renovaci\u00f3n espiritual, siendo jornadas dedicadas a la oraci\u00f3n, la meditaci\u00f3n y las actividades lit\u00fargicas que acercan a los creyentes a los momentos centrales de la Semana Santa.<\/p>\n\n\n\n<p>El lunes de Semana Santa, las parroquias de todo el pa\u00eds organizan una solemne celebraci\u00f3n dedicada a los Santos \u00d3leos. Este acto, que generalmente incluye una procesi\u00f3n, simboliza la unci\u00f3n de los enfermos y es una oportunidad para orar por los m\u00e1s vulnerables de la comunidad, como los ancianos y los enfermos. En este d\u00eda, se realiza la unci\u00f3n a los fieles presentes, para que el \u00abolor de Cristo\u00bb impregne sus corazones y les brinde consuelo y esperanza en medio de sus pruebas.<\/p>\n\n\n\n<figure class=\"wp-block-embed is-type-video is-provider-youtube wp-block-embed-youtube wp-embed-aspect-16-9 wp-has-aspect-ratio\"><div class=\"wp-block-embed__wrapper\">\n<iframe loading=\"lazy\" title=\"\ud83c\udf1f D\u00edas de Preparaci\u00f3n en Semana Santa: Reflexi\u00f3n y Fe para Todos los Feligreses\" width=\"640\" height=\"360\" src=\"https:\/\/www.youtube.com\/embed\/0yR2ygsTDm8?feature=oembed\" frameborder=\"0\" allow=\"accelerometer; autoplay; clipboard-write; encrypted-media; gyroscope; picture-in-picture; web-share\" referrerpolicy=\"strict-origin-when-cross-origin\" allowfullscreen><\/iframe>\n<\/div><\/figure>\n\n\n\n<p>El martes Santo es un d\u00eda dedicado especialmente a los ni\u00f1os. En muchas parroquias, se realizan celebraciones eucar\u00edsticas y procesiones infantiles, donde los peque\u00f1os tienen la oportunidad de participar activamente en las tradiciones de la Semana Santa. A trav\u00e9s de estas actividades, se busca que los ni\u00f1os vivan de forma pr\u00e1ctica y sencilla el misterio de la pasi\u00f3n y la resurrecci\u00f3n de Jes\u00fas, sembrando en ellos desde temprana edad el esp\u00edritu de devoci\u00f3n y amor cristiano.<\/p>\n\n\n\n<p>Por \u00faltimo, el mi\u00e9rcoles Santo se dedica a los j\u00f3venes y los esposos. Este d\u00eda se celebra una misa especial para renovar el amor a Jesucristo y fortalecer los v\u00ednculos familiares. Es un momento de reflexi\u00f3n para que los j\u00f3venes y las parejas reflexionen sobre el significado del sacrificio de Cristo y c\u00f3mo este debe impactar sus vidas diarias. La misa del mi\u00e9rcoles, que se celebra en diversas parroquias a \u00faltima hora de la tarde, invita a los feligreses a prepararse espiritualmente para los d\u00edas m\u00e1s solemnes de la Semana Santa.<\/p>\n\n\n\n<p>Estos tres d\u00edas previos al Triduo Pascual son momentos clave de introspecci\u00f3n y conexi\u00f3n espiritual para los feligreses. A trav\u00e9s de actos lit\u00fargicos y momentos de oraci\u00f3n, los creyentes se adentran en el misterio de la pasi\u00f3n de Cristo, preparando su coraz\u00f3n para vivir plenamente los d\u00edas de la Resurrecci\u00f3n, el punto culminante de la fe cristiana.<\/p>\n\n\n\n<figure class=\"wp-block-video\"><\/figure>\n","protected":false},"excerpt":{"rendered":"<p>Con el inicio de la Semana Santa, los feligreses comienzan un camino de intensa reflexi\u00f3n y devoci\u00f3n, prepar\u00e1ndose para la celebraci\u00f3n del misterio Pascual: la pasi\u00f3n, muerte y resurrecci\u00f3n de Jesucristo. Los tres d\u00edas previos al Triduo Pascual lunes, martes y mi\u00e9rcoles son fundamentales en este proceso de renovaci\u00f3n espiritual, siendo jornadas dedicadas a la [&hellip;]<\/p>\n","protected":false},"author":3,"featured_media":33150,"comment_status":"open","ping_status":"open","sticky":false,"template":"","format":"video","meta":{"footnotes":""},"categories":[10],"tags":[],"class_list":["post-33199","post","type-post","status-publish","format-video","has-post-thumbnail","hentry","category-cnc-noticias-tulua","post_format-post-format-video"],"_links":{"self":[{"href":"https:\/\/cnctulua.tv\/index.php?rest_route=\/wp\/v2\/posts\/33199","targetHints":{"allow":["GET"]}}],"collection":[{"href":"https:\/\/cnctulua.tv\/index.php?rest_route=\/wp\/v2\/posts"}],"about":[{"href":"https:\/\/cnctulua.tv\/index.php?rest_route=\/wp\/v2\/types\/post"}],"author":[{"embeddable":true,"href":"https:\/\/cnctulua.tv\/index.php?rest_route=\/wp\/v2\/users\/3"}],"replies":[{"embeddable":true,"href":"https:\/\/cnctulua.tv\/index.php?rest_route=%2Fwp%2Fv2%2Fcomments&post=33199"}],"version-history":[{"count":1,"href":"https:\/\/cnctulua.tv\/index.php?rest_route=\/wp\/v2\/posts\/33199\/revisions"}],"predecessor-version":[{"id":33200,"href":"https:\/\/cnctulua.tv\/index.php?rest_route=\/wp\/v2\/posts\/33199\/revisions\/33200"}],"wp:featuredmedia":[{"embeddable":true,"href":"https:\/\/cnctulua.tv\/index.php?rest_route=\/wp\/v2\/media\/33150"}],"wp:attachment":[{"href":"https:\/\/cnctulua.tv\/index.php?rest_route=%2Fwp%2Fv2%2Fmedia&parent=33199"}],"wp:term":[{"taxonomy":"category","embeddable":true,"href":"https:\/\/cnctulua.tv\/index.php?rest_route=%2Fwp%2Fv2%2Fcategories&post=33199"},{"taxonomy":"post_tag","embeddable":true,"href":"https:\/\/cnctulua.tv\/index.php?rest_route=%2Fwp%2Fv2%2Ftags&post=33199"}],"curies":[{"name":"wp","href":"https:\/\/api.w.org\/{rel}","templated":true}]}}