{"id":33207,"date":"2025-04-14T20:13:48","date_gmt":"2025-04-14T20:13:48","guid":{"rendered":"https:\/\/cnctulua.tv\/?p=33207"},"modified":"2025-04-14T20:13:48","modified_gmt":"2025-04-14T20:13:48","slug":"valle-del-cauca-tres-hombres-judicializados-por-delitos-contra-menores-y-microtrafico","status":"publish","type":"post","link":"https:\/\/cnctulua.tv\/?p=33207","title":{"rendered":"Valle del Cauca: Tres hombres JUDICIALIZADOS POR DELITOS CONTRA MENORES y microtr\u00e1fico"},"content":{"rendered":"\n<p>Las autoridades del Valle del Cauca han intensificado sus operativos de seguridad en las \u00faltimas semanas tras la captura de tres hombres involucrados en graves delitos. La Fiscal\u00eda General de la Naci\u00f3n present\u00f3 a los detenidos ante jueces de control de garant\u00edas, acusados de abuso sexual a menores de edad y tr\u00e1fico de estupefacientes.<\/p>\n\n\n\n<p>En Bugalagrande, de 60 a\u00f1os, fue judicializado por presuntamente agredir sexualmente a una menor de 9 a\u00f1os en un establecimiento educativo. Seg\u00fan las investigaciones, el acusado habr\u00eda utilizado su cargo de aseador en la instituci\u00f3n para someter a la v\u00edctima a tocamientos indebidos. El hombre fue detenido en zona rural de Andaluc\u00eda, donde se materializ\u00f3 la captura el pasado 25 de marzo.<\/p>\n\n\n\n<figure class=\"wp-block-embed is-type-video is-provider-youtube wp-block-embed-youtube wp-embed-aspect-16-9 wp-has-aspect-ratio\"><div class=\"wp-block-embed__wrapper\">\n<iframe loading=\"lazy\" title=\"Capturas por delitos en el Valle | Abuso sexual y narcotr\u00e1fico en Cali, Tulu\u00e1 y Bugalagrande\" width=\"640\" height=\"360\" src=\"https:\/\/www.youtube.com\/embed\/bRThGCTKQVA?feature=oembed\" frameborder=\"0\" allow=\"accelerometer; autoplay; clipboard-write; encrypted-media; gyroscope; picture-in-picture; web-share\" referrerpolicy=\"strict-origin-when-cross-origin\" allowfullscreen><\/iframe>\n<\/div><\/figure>\n\n\n\n<p>En otro caso, en Tulu\u00e1, un hombre fue judicializado por acceso carnal violento contra un menor de 15 a\u00f1os. La agresi\u00f3n ocurri\u00f3 el 15 de marzo de este a\u00f1o. A pesar de que el imputado no acept\u00f3 los cargos, deber\u00e1 enfrentar la justicia y permanecer en prisi\u00f3n mientras contin\u00faan las investigaciones.<\/p>\n\n\n\n<p>Por otro lado, en Cali, un hombre de 26 a\u00f1os fue arrestado en el barrio La Isla por transportar 243 dosis de estupefacientes. Las drogas estaban ocultas en un malet\u00edn y distribuidas en envoltorios decorados, listos para ser comercializados. El detenido fue puesto a disposici\u00f3n de la Fiscal\u00eda por tr\u00e1fico de estupefacientes.<\/p>\n\n\n\n<p>Las autoridades recalcaron la importancia de la colaboraci\u00f3n ciudadana en la lucha contra estos delitos y aseguraron que continuar\u00e1n implementando estrategias para fortalecer la seguridad en el departamento. La comunidad es llamada a denunciar cualquier comportamiento sospechoso y a mantenerse alerta ante posibles amenazas.<\/p>\n\n\n\n<figure class=\"wp-block-video\"><\/figure>\n","protected":false},"excerpt":{"rendered":"<p>Las autoridades del Valle del Cauca han intensificado sus operativos de seguridad en las \u00faltimas semanas tras la captura de tres hombres involucrados en graves delitos. La Fiscal\u00eda General de la Naci\u00f3n present\u00f3 a los detenidos ante jueces de control de garant\u00edas, acusados de abuso sexual a menores de edad y tr\u00e1fico de estupefacientes. En [&hellip;]<\/p>\n","protected":false},"author":3,"featured_media":33208,"comment_status":"open","ping_status":"open","sticky":false,"template":"","format":"video","meta":{"footnotes":""},"categories":[10],"tags":[],"class_list":["post-33207","post","type-post","status-publish","format-video","has-post-thumbnail","hentry","category-cnc-noticias-tulua","post_format-post-format-video"],"_links":{"self":[{"href":"https:\/\/cnctulua.tv\/index.php?rest_route=\/wp\/v2\/posts\/33207","targetHints":{"allow":["GET"]}}],"collection":[{"href":"https:\/\/cnctulua.tv\/index.php?rest_route=\/wp\/v2\/posts"}],"about":[{"href":"https:\/\/cnctulua.tv\/index.php?rest_route=\/wp\/v2\/types\/post"}],"author":[{"embeddable":true,"href":"https:\/\/cnctulua.tv\/index.php?rest_route=\/wp\/v2\/users\/3"}],"replies":[{"embeddable":true,"href":"https:\/\/cnctulua.tv\/index.php?rest_route=%2Fwp%2Fv2%2Fcomments&post=33207"}],"version-history":[{"count":1,"href":"https:\/\/cnctulua.tv\/index.php?rest_route=\/wp\/v2\/posts\/33207\/revisions"}],"predecessor-version":[{"id":33209,"href":"https:\/\/cnctulua.tv\/index.php?rest_route=\/wp\/v2\/posts\/33207\/revisions\/33209"}],"wp:featuredmedia":[{"embeddable":true,"href":"https:\/\/cnctulua.tv\/index.php?rest_route=\/wp\/v2\/media\/33208"}],"wp:attachment":[{"href":"https:\/\/cnctulua.tv\/index.php?rest_route=%2Fwp%2Fv2%2Fmedia&parent=33207"}],"wp:term":[{"taxonomy":"category","embeddable":true,"href":"https:\/\/cnctulua.tv\/index.php?rest_route=%2Fwp%2Fv2%2Fcategories&post=33207"},{"taxonomy":"post_tag","embeddable":true,"href":"https:\/\/cnctulua.tv\/index.php?rest_route=%2Fwp%2Fv2%2Ftags&post=33207"}],"curies":[{"name":"wp","href":"https:\/\/api.w.org\/{rel}","templated":true}]}}