{"id":33248,"date":"2025-04-15T20:51:55","date_gmt":"2025-04-15T20:51:55","guid":{"rendered":"https:\/\/cnctulua.tv\/?p=33248"},"modified":"2025-04-15T20:51:55","modified_gmt":"2025-04-15T20:51:55","slug":"restos-oseos-hallados-en-canaduzal-de-cali-podrian-ser-de-hombre-desaparecido-capturado-un-sospechoso","status":"publish","type":"post","link":"https:\/\/cnctulua.tv\/?p=33248","title":{"rendered":"RESTOS \u00d3SEOS HALLADOS EN CA\u00d1ADUZAL DE CALI podr\u00edan ser de hombre desaparecido: capturado un sospechoso"},"content":{"rendered":"\n<p>Durante la b\u00fasqueda de un hombre reportado como desaparecido desde el pasado domingo en Cali, las autoridades hallaron restos \u00f3seos en una zona boscosa del corregimiento de Navarra, en inmediaciones de la avenida del Estero. El hallazgo se dio como parte de una operaci\u00f3n adelantada por el Gaula de la Polic\u00eda Metropolitana, en coordinaci\u00f3n con unidades de investigaci\u00f3n criminal.<\/p>\n\n\n\n<figure class=\"wp-block-embed is-type-video is-provider-youtube wp-block-embed-youtube wp-embed-aspect-16-9 wp-has-aspect-ratio\"><div class=\"wp-block-embed__wrapper\">\n<iframe loading=\"lazy\" title=\"\ud83d\udea8 INVESTIGACI\u00d3N EN CALI: Restos \u00f3seos hallados en Navarra | \u00bfQui\u00e9n est\u00e1 detr\u00e1s de esta desaparici\u00f3n?\" width=\"640\" height=\"360\" src=\"https:\/\/www.youtube.com\/embed\/Mh4gUIjfBSA?feature=oembed\" frameborder=\"0\" allow=\"accelerometer; autoplay; clipboard-write; encrypted-media; gyroscope; picture-in-picture; web-share\" referrerpolicy=\"strict-origin-when-cross-origin\" allowfullscreen><\/iframe>\n<\/div><\/figure>\n\n\n\n<p>Seg\u00fan el reporte oficial, la b\u00fasqueda comenz\u00f3 luego de conocerse que la persona desaparecida, identificada como el se\u00f1or Uribe, fue vista por \u00faltima vez al salir de un restaurante, donde se hab\u00eda reunido con un familiar. A trav\u00e9s de c\u00e1maras de seguridad y seguimiento t\u00e9cnico, los investigadores lograron establecer una posible ruta, la cual condujo a zona rural de Navarra.<\/p>\n\n\n\n<p>En ese lugar fue encontrado el veh\u00edculo del desaparecido. Las labores de vecindario permitieron identificar a una persona que, al parecer, habr\u00eda dejado el autom\u00f3vil en el sitio. Durante la presencia policial en la zona, esta persona intent\u00f3 huir, pero fue capturada.<\/p>\n\n\n\n<p>Posteriormente, las autoridades se dirigieron a una vivienda improvisada ubicada en medio de un ca\u00f1aduzal, donde encontraron restos \u00f3seos humanos. Estos fueron trasladados a Medicina Legal, entidad que ser\u00e1 la encargada de confirmar su identidad.<\/p>\n\n\n\n<p>La persona capturada fue puesta a disposici\u00f3n de la autoridad competente y actualmente enfrenta medida de aseguramiento por los delitos de desaparici\u00f3n forzada y homicidio. La investigaci\u00f3n contin\u00faa para esclarecer los hechos y establecer si hay otros responsables implicados.<\/p>\n\n\n\n<figure class=\"wp-block-video\"><\/figure>\n","protected":false},"excerpt":{"rendered":"<p>Durante la b\u00fasqueda de un hombre reportado como desaparecido desde el pasado domingo en Cali, las autoridades hallaron restos \u00f3seos en una zona boscosa del corregimiento de Navarra, en inmediaciones de la avenida del Estero. El hallazgo se dio como parte de una operaci\u00f3n adelantada por el Gaula de la Polic\u00eda Metropolitana, en coordinaci\u00f3n con [&hellip;]<\/p>\n","protected":false},"author":3,"featured_media":33249,"comment_status":"open","ping_status":"open","sticky":false,"template":"","format":"video","meta":{"footnotes":""},"categories":[1],"tags":[],"class_list":["post-33248","post","type-post","status-publish","format-video","has-post-thumbnail","hentry","category-uncategorized","post_format-post-format-video"],"_links":{"self":[{"href":"https:\/\/cnctulua.tv\/index.php?rest_route=\/wp\/v2\/posts\/33248","targetHints":{"allow":["GET"]}}],"collection":[{"href":"https:\/\/cnctulua.tv\/index.php?rest_route=\/wp\/v2\/posts"}],"about":[{"href":"https:\/\/cnctulua.tv\/index.php?rest_route=\/wp\/v2\/types\/post"}],"author":[{"embeddable":true,"href":"https:\/\/cnctulua.tv\/index.php?rest_route=\/wp\/v2\/users\/3"}],"replies":[{"embeddable":true,"href":"https:\/\/cnctulua.tv\/index.php?rest_route=%2Fwp%2Fv2%2Fcomments&post=33248"}],"version-history":[{"count":1,"href":"https:\/\/cnctulua.tv\/index.php?rest_route=\/wp\/v2\/posts\/33248\/revisions"}],"predecessor-version":[{"id":33250,"href":"https:\/\/cnctulua.tv\/index.php?rest_route=\/wp\/v2\/posts\/33248\/revisions\/33250"}],"wp:featuredmedia":[{"embeddable":true,"href":"https:\/\/cnctulua.tv\/index.php?rest_route=\/wp\/v2\/media\/33249"}],"wp:attachment":[{"href":"https:\/\/cnctulua.tv\/index.php?rest_route=%2Fwp%2Fv2%2Fmedia&parent=33248"}],"wp:term":[{"taxonomy":"category","embeddable":true,"href":"https:\/\/cnctulua.tv\/index.php?rest_route=%2Fwp%2Fv2%2Fcategories&post=33248"},{"taxonomy":"post_tag","embeddable":true,"href":"https:\/\/cnctulua.tv\/index.php?rest_route=%2Fwp%2Fv2%2Ftags&post=33248"}],"curies":[{"name":"wp","href":"https:\/\/api.w.org\/{rel}","templated":true}]}}