{"id":33911,"date":"2025-05-07T19:26:43","date_gmt":"2025-05-07T19:26:43","guid":{"rendered":"https:\/\/cnctulua.tv\/?p=33911"},"modified":"2025-05-07T19:26:43","modified_gmt":"2025-05-07T19:26:43","slug":"disputa-familiar-o-crimen-organizado-menor-detenido-tras-asesinato-en-el-retiro-cual-es-el-verdadero-motivo","status":"publish","type":"post","link":"https:\/\/cnctulua.tv\/?p=33911","title":{"rendered":"\u00bfDISPUTA FAMILIAR O CRIMEN ORGANIZADO? Menor detenido tras asesinato en El Retiro, \u00bfcu\u00e1l es el verdadero motivo?"},"content":{"rendered":"\n<p>El pasado martes, un tr\u00e1gico hecho de violencia sacudi\u00f3 el barrio El Retiro, en la ciudad de Cali, donde una mujer de aproximadamente 30 a\u00f1os fue asesinada por individuos que se desplazaban en motocicleta. El crimen, ocurrido alrededor de las 5:00 p.m., dej\u00f3 conmocionados a los residentes del sector, quienes alertaron de inmediato a las autoridades.<\/p>\n\n\n\n<p>Lo que hace a\u00fan m\u00e1s impactante este caso es que, tras las investigaciones, un menor de 17 a\u00f1os fue capturado como el presunto autor del asesinato. El joven, quien fue encontrado en posesi\u00f3n del arma de fuego con la cual se habr\u00eda cometido el crimen, fue detenido r\u00e1pidamente gracias a la denuncia oportuna de la comunidad, lo que permiti\u00f3 activar el Plan Candado, una estrategia de seguridad de la Polic\u00eda.<\/p>\n\n\n\n<figure class=\"wp-block-embed is-type-video is-provider-youtube wp-block-embed-youtube wp-embed-aspect-16-9 wp-has-aspect-ratio\"><div class=\"wp-block-embed__wrapper\">\n<iframe loading=\"lazy\" title=\"\ud83d\udd34 Tr\u00e1gico asesinato en Cali: Menor detenido en El Retiro por crimen de mujer de 30 a\u00f1os.\" width=\"640\" height=\"360\" src=\"https:\/\/www.youtube.com\/embed\/ej4UBsaiFRs?feature=oembed\" frameborder=\"0\" allow=\"accelerometer; autoplay; clipboard-write; encrypted-media; gyroscope; picture-in-picture; web-share\" referrerpolicy=\"strict-origin-when-cross-origin\" allowfullscreen><\/iframe>\n<\/div><\/figure>\n\n\n\n<p>Las autoridades han indicado que las primeras versiones sugieren que el m\u00f3vil del asesinato podr\u00eda estar relacionado con disputas familiares de larga data. Adem\u00e1s, no se descarta que el crimen est\u00e9 vinculado a actividades il\u00edcitas, como el microtr\u00e1fico, aunque a\u00fan se est\u00e1n recabando pruebas que permitan confirmar esta hip\u00f3tesis.<\/p>\n\n\n\n<p>El hecho ha generado preocupaci\u00f3n, ya que la implicaci\u00f3n de un menor en un crimen tan grave refleja la compleja situaci\u00f3n social que afecta a algunos j\u00f3venes. La investigaci\u00f3n sigue en curso, y se espera que en los pr\u00f3ximos d\u00edas se esclarezcan m\u00e1s detalles sobre los motivos detr\u00e1s de este asesinato. Mientras tanto, el menor de edad se encuentra a disposici\u00f3n de la autoridad judicial, quien determinar\u00e1 su situaci\u00f3n legal.<\/p>\n\n\n\n<figure class=\"wp-block-video\"><\/figure>\n","protected":false},"excerpt":{"rendered":"<p>El pasado martes, un tr\u00e1gico hecho de violencia sacudi\u00f3 el barrio El Retiro, en la ciudad de Cali, donde una mujer de aproximadamente 30 a\u00f1os fue asesinada por individuos que se desplazaban en motocicleta. El crimen, ocurrido alrededor de las 5:00 p.m., dej\u00f3 conmocionados a los residentes del sector, quienes alertaron de inmediato a las [&hellip;]<\/p>\n","protected":false},"author":3,"featured_media":33912,"comment_status":"open","ping_status":"open","sticky":false,"template":"","format":"video","meta":{"footnotes":""},"categories":[10],"tags":[],"class_list":["post-33911","post","type-post","status-publish","format-video","has-post-thumbnail","hentry","category-cnc-noticias-tulua","post_format-post-format-video"],"_links":{"self":[{"href":"https:\/\/cnctulua.tv\/index.php?rest_route=\/wp\/v2\/posts\/33911","targetHints":{"allow":["GET"]}}],"collection":[{"href":"https:\/\/cnctulua.tv\/index.php?rest_route=\/wp\/v2\/posts"}],"about":[{"href":"https:\/\/cnctulua.tv\/index.php?rest_route=\/wp\/v2\/types\/post"}],"author":[{"embeddable":true,"href":"https:\/\/cnctulua.tv\/index.php?rest_route=\/wp\/v2\/users\/3"}],"replies":[{"embeddable":true,"href":"https:\/\/cnctulua.tv\/index.php?rest_route=%2Fwp%2Fv2%2Fcomments&post=33911"}],"version-history":[{"count":1,"href":"https:\/\/cnctulua.tv\/index.php?rest_route=\/wp\/v2\/posts\/33911\/revisions"}],"predecessor-version":[{"id":33913,"href":"https:\/\/cnctulua.tv\/index.php?rest_route=\/wp\/v2\/posts\/33911\/revisions\/33913"}],"wp:featuredmedia":[{"embeddable":true,"href":"https:\/\/cnctulua.tv\/index.php?rest_route=\/wp\/v2\/media\/33912"}],"wp:attachment":[{"href":"https:\/\/cnctulua.tv\/index.php?rest_route=%2Fwp%2Fv2%2Fmedia&parent=33911"}],"wp:term":[{"taxonomy":"category","embeddable":true,"href":"https:\/\/cnctulua.tv\/index.php?rest_route=%2Fwp%2Fv2%2Fcategories&post=33911"},{"taxonomy":"post_tag","embeddable":true,"href":"https:\/\/cnctulua.tv\/index.php?rest_route=%2Fwp%2Fv2%2Ftags&post=33911"}],"curies":[{"name":"wp","href":"https:\/\/api.w.org\/{rel}","templated":true}]}}