{"id":33928,"date":"2025-05-08T19:14:04","date_gmt":"2025-05-08T19:14:04","guid":{"rendered":"https:\/\/cnctulua.tv\/?p=33928"},"modified":"2025-05-08T19:14:04","modified_gmt":"2025-05-08T19:14:04","slug":"capturado-en-palmira-alias-pupilo-cabecilla-del-frente-adan-izquierdo-del-emc-farc","status":"publish","type":"post","link":"https:\/\/cnctulua.tv\/?p=33928","title":{"rendered":"CAPTURADO EN PALMIRA ALIAS \u2018PUPILO\u2019, cabecilla del Frente Ad\u00e1n Izquierdo del EMC-FARC"},"content":{"rendered":"\n<p>En una operaci\u00f3n adelantada por la Polic\u00eda Nacional de Colombia fue capturado alias \u2018Pupilo\u2019 o \u2018Terr\u00f3n\u2019, se\u00f1alado cabecilla de una comisi\u00f3n armada del Frente Ad\u00e1n Izquierdo, estructura perteneciente al autodenominado Estado Mayor Central (EMC) de las disidencias de las FARC.<\/p>\n\n\n\n<p>La detenci\u00f3n se realiz\u00f3 en el parque del Amor, barrio Uribe Uribe de la comuna 4 del municipio de Palmira, mientras el sujeto adelantaba labores de observaci\u00f3n criminal en zona urbana. La operaci\u00f3n fue coordinada por el Comando del Departamento de Polic\u00eda Valle y el GAULA \u00c9lite, a trav\u00e9s de labores de inteligencia que permitieron interceptarlo sin mayores contratiempos.<\/p>\n\n\n\n<figure class=\"wp-block-embed is-type-video is-provider-youtube wp-block-embed-youtube wp-embed-aspect-16-9 wp-has-aspect-ratio\"><div class=\"wp-block-embed__wrapper\">\n<iframe loading=\"lazy\" title=\"\ud83d\udccc Alias \u2018Pupilo\u2019: el rastro criminal del capturado cabecilla del EMC-FARC en Palmira\" width=\"640\" height=\"360\" src=\"https:\/\/www.youtube.com\/embed\/4NoyJ-RmzA8?feature=oembed\" frameborder=\"0\" allow=\"accelerometer; autoplay; clipboard-write; encrypted-media; gyroscope; picture-in-picture; web-share\" referrerpolicy=\"strict-origin-when-cross-origin\" allowfullscreen><\/iframe>\n<\/div><\/figure>\n\n\n\n<p>Alias Pupilo, con m\u00e1s de diez a\u00f1os en actividades delictivas al servicio de estructuras armadas ilegales, lideraba el componente armado del EMC en la zona rural de la cordillera central del Valle del Cauca. Su accionar afectaba directamente a comunidades vulnerables en esa regi\u00f3n.<\/p>\n\n\n\n<p>Era requerido judicialmente por los delitos de homicidio en grado de tentativa, porte ilegal de armas de fuego, concierto para delinquir y desplazamiento forzado. Seg\u00fan las autoridades, estaba vinculado a por lo menos cinco hechos violentos recientes, incluyendo el asesinato de Jhonny Pasichan\u00e1, ocurrido el 26 de agosto de 2024, y un ataque perpetrado el 16 de diciembre del mismo a\u00f1o en el corregimiento Tienda Nueva, donde tres personas resultaron heridas, entre ellas un menor de 15 a\u00f1os.<\/p>\n\n\n\n<p>La estructura bajo su mando tambi\u00e9n fue identificada como responsable del hurto sistem\u00e1tico de motocicletas y veh\u00edculos de alta gama, que eran utilizados para el transporte de armamento e integrantes armados, as\u00ed como para ejercer extorsiones en zonas rurales.<\/p>\n\n\n\n<p>Otro de los frentes de acci\u00f3n que lideraba alias Terr\u00f3n era el reclutamiento de menores con fines armados, as\u00ed como la instalaci\u00f3n de grafitis alusivos a la organizaci\u00f3n subversiva en distintos puntos del departamento, como ocurri\u00f3 el 5 de febrero de 2025 en el corregimiento de Potrerillo.<\/p>\n\n\n\n<p>La Polic\u00eda Nacional destac\u00f3 que esta captura representa un golpe estrat\u00e9gico contra las estructuras delictivas que operan en el suroccidente colombiano y que contin\u00faan enfrentamientos internos por el control territorial, afectando gravemente a la poblaci\u00f3n civil y a los integrantes de la Fuerza P\u00fablica.<\/p>\n\n\n\n<p>Las autoridades reiteraron el llamado a la comunidad para reportar cualquier actividad sospechosa o relacionada con estos grupos armados, a trav\u00e9s de la l\u00ednea de emergencia 123 o por medio de las l\u00edneas seguras 314-3587212 y 321-3947235 habilitadas por la Polic\u00eda Nacional.<\/p>\n\n\n\n<figure class=\"wp-block-video\"><\/figure>\n","protected":false},"excerpt":{"rendered":"<p>En una operaci\u00f3n adelantada por la Polic\u00eda Nacional de Colombia fue capturado alias \u2018Pupilo\u2019 o \u2018Terr\u00f3n\u2019, se\u00f1alado cabecilla de una comisi\u00f3n armada del Frente Ad\u00e1n Izquierdo, estructura perteneciente al autodenominado Estado Mayor Central (EMC) de las disidencias de las FARC. La detenci\u00f3n se realiz\u00f3 en el parque del Amor, barrio Uribe Uribe de la comuna [&hellip;]<\/p>\n","protected":false},"author":3,"featured_media":33929,"comment_status":"open","ping_status":"open","sticky":false,"template":"","format":"video","meta":{"footnotes":""},"categories":[10],"tags":[],"class_list":["post-33928","post","type-post","status-publish","format-video","has-post-thumbnail","hentry","category-cnc-noticias-tulua","post_format-post-format-video"],"_links":{"self":[{"href":"https:\/\/cnctulua.tv\/index.php?rest_route=\/wp\/v2\/posts\/33928","targetHints":{"allow":["GET"]}}],"collection":[{"href":"https:\/\/cnctulua.tv\/index.php?rest_route=\/wp\/v2\/posts"}],"about":[{"href":"https:\/\/cnctulua.tv\/index.php?rest_route=\/wp\/v2\/types\/post"}],"author":[{"embeddable":true,"href":"https:\/\/cnctulua.tv\/index.php?rest_route=\/wp\/v2\/users\/3"}],"replies":[{"embeddable":true,"href":"https:\/\/cnctulua.tv\/index.php?rest_route=%2Fwp%2Fv2%2Fcomments&post=33928"}],"version-history":[{"count":1,"href":"https:\/\/cnctulua.tv\/index.php?rest_route=\/wp\/v2\/posts\/33928\/revisions"}],"predecessor-version":[{"id":33930,"href":"https:\/\/cnctulua.tv\/index.php?rest_route=\/wp\/v2\/posts\/33928\/revisions\/33930"}],"wp:featuredmedia":[{"embeddable":true,"href":"https:\/\/cnctulua.tv\/index.php?rest_route=\/wp\/v2\/media\/33929"}],"wp:attachment":[{"href":"https:\/\/cnctulua.tv\/index.php?rest_route=%2Fwp%2Fv2%2Fmedia&parent=33928"}],"wp:term":[{"taxonomy":"category","embeddable":true,"href":"https:\/\/cnctulua.tv\/index.php?rest_route=%2Fwp%2Fv2%2Fcategories&post=33928"},{"taxonomy":"post_tag","embeddable":true,"href":"https:\/\/cnctulua.tv\/index.php?rest_route=%2Fwp%2Fv2%2Ftags&post=33928"}],"curies":[{"name":"wp","href":"https:\/\/api.w.org\/{rel}","templated":true}]}}