{"id":33937,"date":"2025-05-08T19:24:43","date_gmt":"2025-05-08T19:24:43","guid":{"rendered":"https:\/\/cnctulua.tv\/?p=33937"},"modified":"2025-05-08T19:24:43","modified_gmt":"2025-05-08T19:24:43","slug":"que-novedades-trae-la-67a-edicion-de-la-feria-de-tulua-desfile-de-comparsas-cabalgata-y-mas-en-este-regreso-esperado","status":"publish","type":"post","link":"https:\/\/cnctulua.tv\/?p=33937","title":{"rendered":"\u00bfQu\u00e9 novedades trae la 67\u00aa edici\u00f3n de la Feria de Tulu\u00e1? Desfile de comparsas, cabalgata y m\u00e1s en este regreso esperado"},"content":{"rendered":"\n<p>Luego de un a\u00f1o sin celebrarse debido a diversas situaciones, la Feria de Tulu\u00e1 2025 est\u00e1 lista para regresar y retomar su rol como uno de los eventos m\u00e1s importantes de la regi\u00f3n. Este evento, que tradicionalmente re\u00fane a miles de personas, se celebrar\u00e1 con una agenda renovada, enfoc\u00e1ndose en la diversidad cultural y la tradici\u00f3n del municipio.<\/p>\n\n\n\n<p>Este a\u00f1o, el \u201cPueblito Artesanal\u201d ser\u00e1 uno de los principales atractivos, con m\u00e1s de 70 expositores que presentar\u00e1n lo mejor de la gastronom\u00eda, la artesan\u00eda y los productos t\u00edpicos de la regi\u00f3n. Como siempre, los visitantes podr\u00e1n disfrutar de la exquisita comida local, como empanadas, sancocho, y postres tradicionales, todo mientras disfrutan de una atm\u00f3sfera festiva y familiar.<\/p>\n\n\n\n<figure class=\"wp-block-embed is-type-video is-provider-youtube wp-block-embed-youtube wp-embed-aspect-16-9 wp-has-aspect-ratio\"><div class=\"wp-block-embed__wrapper\">\n<iframe loading=\"lazy\" title=\"\ud83c\udf8a Feria de Tulu\u00e1 2025: Nuevos eventos y la emoci\u00f3n del desfile de comparsas \ud83c\udf89\" width=\"640\" height=\"360\" src=\"https:\/\/www.youtube.com\/embed\/nnB4a-_fRSA?feature=oembed\" frameborder=\"0\" allow=\"accelerometer; autoplay; clipboard-write; encrypted-media; gyroscope; picture-in-picture; web-share\" referrerpolicy=\"strict-origin-when-cross-origin\" allowfullscreen><\/iframe>\n<\/div><\/figure>\n\n\n\n<p>Una de las principales novedades de esta edici\u00f3n ser\u00e1 el desfile de comparsas, que se llevar\u00e1 a cabo el jueves 19 de junio, dando inicio oficialmente a la semana de la 67\u00aa edici\u00f3n de la feria.<\/p>\n\n\n\n<p>Este evento, que por primera vez reemplaza la tradicional cabalgata, promete ser una de las mayores atracciones del inicio de la fiesta, con bandas musicales, disfraces coloridos y una gran participaci\u00f3n de la comunidad, en un ambiente lleno de m\u00fasica y baile.<\/p>\n\n\n\n<p>La cabalgata se realizar\u00e1 el s\u00e1bado 14 de junio, marcando un momento tradicional dentro de la feria y siendo otro de los eventos m\u00e1s esperados por los asistentes, que disfrutar\u00e1n del paso de los caballos y jinetes a lo largo de las principales calles del municipio.<\/p>\n\n\n\n<p>El Coliseo de Ferias se prepara para recibir a los miles de asistentes, con una infraestructura mejorada que incluye nuevas taquillas en puntos estrat\u00e9gicos y m\u00e1s \u00e1reas de parqueo cercanas, tanto en la zona posterior como sobre la carrera 30, lo que permitir\u00e1 que el acceso al evento sea m\u00e1s \u00e1gil y c\u00f3modo para todos los visitantes.<\/p>\n\n\n\n<p>La feria de este a\u00f1o no solo contar\u00e1 con los tradicionales pabellones de maquinaria agr\u00edcola y ganader\u00eda, sino tambi\u00e9n con nuevos espacios para el entretenimiento. El pabell\u00f3n infantil ofrecer\u00e1 actividades recreativas y educativas para los m\u00e1s peque\u00f1os, mientras que la plaza de mecato brindar\u00e1 los sabores m\u00e1s aut\u00e9nticos de la gastronom\u00eda del Valle del Cauca.<\/p>\n\n\n\n<p>Tras un a\u00f1o de no celebrarse por circunstancias ajenas a la organizaci\u00f3n, la Feria de Tulu\u00e1 2025 promete ser una verdadera fiesta para toda la familia, con un enfoque renovado que combina tradici\u00f3n, cultura y diversi\u00f3n para todos. La comunidad ya est\u00e1 lista para disfrutar de un evento que, a\u00f1o tras a\u00f1o, representa el esp\u00edritu y la identidad de Tulu\u00e1 y el Valle del Cauca.<\/p>\n\n\n\n<figure class=\"wp-block-video\"><\/figure>\n","protected":false},"excerpt":{"rendered":"<p>Luego de un a\u00f1o sin celebrarse debido a diversas situaciones, la Feria de Tulu\u00e1 2025 est\u00e1 lista para regresar y retomar su rol como uno de los eventos m\u00e1s importantes de la regi\u00f3n. Este evento, que tradicionalmente re\u00fane a miles de personas, se celebrar\u00e1 con una agenda renovada, enfoc\u00e1ndose en la diversidad cultural y la [&hellip;]<\/p>\n","protected":false},"author":3,"featured_media":33938,"comment_status":"open","ping_status":"open","sticky":false,"template":"","format":"video","meta":{"footnotes":""},"categories":[10],"tags":[],"class_list":["post-33937","post","type-post","status-publish","format-video","has-post-thumbnail","hentry","category-cnc-noticias-tulua","post_format-post-format-video"],"_links":{"self":[{"href":"https:\/\/cnctulua.tv\/index.php?rest_route=\/wp\/v2\/posts\/33937","targetHints":{"allow":["GET"]}}],"collection":[{"href":"https:\/\/cnctulua.tv\/index.php?rest_route=\/wp\/v2\/posts"}],"about":[{"href":"https:\/\/cnctulua.tv\/index.php?rest_route=\/wp\/v2\/types\/post"}],"author":[{"embeddable":true,"href":"https:\/\/cnctulua.tv\/index.php?rest_route=\/wp\/v2\/users\/3"}],"replies":[{"embeddable":true,"href":"https:\/\/cnctulua.tv\/index.php?rest_route=%2Fwp%2Fv2%2Fcomments&post=33937"}],"version-history":[{"count":1,"href":"https:\/\/cnctulua.tv\/index.php?rest_route=\/wp\/v2\/posts\/33937\/revisions"}],"predecessor-version":[{"id":33939,"href":"https:\/\/cnctulua.tv\/index.php?rest_route=\/wp\/v2\/posts\/33937\/revisions\/33939"}],"wp:featuredmedia":[{"embeddable":true,"href":"https:\/\/cnctulua.tv\/index.php?rest_route=\/wp\/v2\/media\/33938"}],"wp:attachment":[{"href":"https:\/\/cnctulua.tv\/index.php?rest_route=%2Fwp%2Fv2%2Fmedia&parent=33937"}],"wp:term":[{"taxonomy":"category","embeddable":true,"href":"https:\/\/cnctulua.tv\/index.php?rest_route=%2Fwp%2Fv2%2Fcategories&post=33937"},{"taxonomy":"post_tag","embeddable":true,"href":"https:\/\/cnctulua.tv\/index.php?rest_route=%2Fwp%2Fv2%2Ftags&post=33937"}],"curies":[{"name":"wp","href":"https:\/\/api.w.org\/{rel}","templated":true}]}}