{"id":33947,"date":"2025-05-08T19:36:15","date_gmt":"2025-05-08T19:36:15","guid":{"rendered":"https:\/\/cnctulua.tv\/?p=33947"},"modified":"2025-05-08T19:36:15","modified_gmt":"2025-05-08T19:36:15","slug":"tulua-anuncia-la-12a-feria-inmobiliaria-centro-vallecaucana-en-el-centro-comercial-la-herradura","status":"publish","type":"post","link":"https:\/\/cnctulua.tv\/?p=33947","title":{"rendered":"TULU\u00c1 ANUNCIA LA 12\u00aa FERIA INMOBILIARIA Centro Vallecaucana en el Centro Comercial La Herradura"},"content":{"rendered":"\n<p>La Lonja de Propiedad Ra\u00edz de Tulu\u00e1 celebrar\u00e1 la d\u00e9cima segunda versi\u00f3n de la Feria Inmobiliaria Centro Vallecaucana del 23 al 25 de mayo en el Centro Comercial La Herradura. Este evento se ha consolidado como una de las principales plataformas del sector inmobiliario en la regi\u00f3n y promete ser una gran oportunidad para quienes buscan invertir en bienes ra\u00edces, remodelar sus viviendas o iniciar proyectos de construcci\u00f3n.<\/p>\n\n\n\n<p>En esta edici\u00f3n, los visitantes podr\u00e1n explorar una oferta diversificada con m\u00e1s de 20 participantes que presentar\u00e1n opciones para la compra y venta de apartamentos, locales comerciales y proyectos tanto urbanos como rurales. Adem\u00e1s, aquellos interesados en remodelar o construir su hogar tendr\u00e1n acceso a productos de las mejores marcas en materiales de construcci\u00f3n, con el respaldo de aliados comerciales especializados.<\/p>\n\n\n\n<figure class=\"wp-block-embed is-type-video is-provider-youtube wp-block-embed-youtube wp-embed-aspect-16-9 wp-has-aspect-ratio\"><div class=\"wp-block-embed__wrapper\">\n<iframe loading=\"lazy\" title=\"\u00bfBuscas casa en Tulu\u00e1? \ud83d\udd0d Mira lo que trae la Feria Inmobiliaria 2025 \ud83c\udfd8\ufe0f\" width=\"640\" height=\"360\" src=\"https:\/\/www.youtube.com\/embed\/974J8h1zxws?feature=oembed\" frameborder=\"0\" allow=\"accelerometer; autoplay; clipboard-write; encrypted-media; gyroscope; picture-in-picture; web-share\" referrerpolicy=\"strict-origin-when-cross-origin\" allowfullscreen><\/iframe>\n<\/div><\/figure>\n\n\n\n<p>Diana Milet Idarra Ch\u00e1vez, Directora Ejecutiva de la Lonja de Propiedad Ra\u00edz de Tulu\u00e1, destac\u00f3 que este a\u00f1o la feria se llevar\u00e1 a cabo en un formato innovador y ampliado, garantizando una experiencia m\u00e1s din\u00e1mica y accesible para los asistentes. Una de las principales caracter\u00edsticas de este evento es que todos los proyectos presentados en la feria han sido debidamente filtrados, cumpliendo con todos los requisitos legales necesarios para su comercializaci\u00f3n. Esto asegura que los compradores puedan acceder solo a proyectos de confianza y con la documentaci\u00f3n en regla.<\/p>\n\n\n\n<p>La feria estar\u00e1 abierta de 10:00 a.m. a 8:00 p.m. durante los tres d\u00edas de exposici\u00f3n, ofreciendo amplias oportunidades para conocer las opciones disponibles y recibir asesoramiento personalizado por parte de los expertos del sector inmobiliario.<\/p>\n\n\n\n<p>El lema de este a\u00f1o, \u201cPiensa en tu futuro con propiedad e invierte en tu regi\u00f3n\u201d, resalta la importancia de la inversi\u00f3n en el mercado local y el impacto que tiene en el desarrollo econ\u00f3mico de la regi\u00f3n.<\/p>\n\n\n\n<p>Adem\u00e1s de la exhibici\u00f3n de propiedades y proyectos, el evento se presenta como una excelente oportunidad para fortalecer la econom\u00eda local, promoviendo la compra de bienes ra\u00edces y el apoyo a empresas de la regi\u00f3n. La feria est\u00e1 abierta tanto a compradores interesados en adquirir una propiedad como a quienes deseen remodelar su vivienda o comenzar nuevos proyectos constructivos.<\/p>\n\n\n\n<p>Para participar como expositor, los interesados a\u00fan pueden inscribirse contactando a la Lonja de Propiedad Ra\u00edz de Tulu\u00e1 al tel\u00e9fono 316 834 2011.<\/p>\n\n\n\n<p>Este evento se perfila como una cita obligada para los interesados en el sector inmobiliario de Tulu\u00e1 y sus alrededores, proporcionando una plataforma ideal para el encuentro entre compradores, vendedores y constructores.<\/p>\n\n\n\n<figure class=\"wp-block-video\"><\/figure>\n","protected":false},"excerpt":{"rendered":"<p>La Lonja de Propiedad Ra\u00edz de Tulu\u00e1 celebrar\u00e1 la d\u00e9cima segunda versi\u00f3n de la Feria Inmobiliaria Centro Vallecaucana del 23 al 25 de mayo en el Centro Comercial La Herradura. Este evento se ha consolidado como una de las principales plataformas del sector inmobiliario en la regi\u00f3n y promete ser una gran oportunidad para quienes [&hellip;]<\/p>\n","protected":false},"author":3,"featured_media":33948,"comment_status":"open","ping_status":"open","sticky":false,"template":"","format":"video","meta":{"footnotes":""},"categories":[10],"tags":[],"class_list":["post-33947","post","type-post","status-publish","format-video","has-post-thumbnail","hentry","category-cnc-noticias-tulua","post_format-post-format-video"],"_links":{"self":[{"href":"https:\/\/cnctulua.tv\/index.php?rest_route=\/wp\/v2\/posts\/33947","targetHints":{"allow":["GET"]}}],"collection":[{"href":"https:\/\/cnctulua.tv\/index.php?rest_route=\/wp\/v2\/posts"}],"about":[{"href":"https:\/\/cnctulua.tv\/index.php?rest_route=\/wp\/v2\/types\/post"}],"author":[{"embeddable":true,"href":"https:\/\/cnctulua.tv\/index.php?rest_route=\/wp\/v2\/users\/3"}],"replies":[{"embeddable":true,"href":"https:\/\/cnctulua.tv\/index.php?rest_route=%2Fwp%2Fv2%2Fcomments&post=33947"}],"version-history":[{"count":1,"href":"https:\/\/cnctulua.tv\/index.php?rest_route=\/wp\/v2\/posts\/33947\/revisions"}],"predecessor-version":[{"id":33949,"href":"https:\/\/cnctulua.tv\/index.php?rest_route=\/wp\/v2\/posts\/33947\/revisions\/33949"}],"wp:featuredmedia":[{"embeddable":true,"href":"https:\/\/cnctulua.tv\/index.php?rest_route=\/wp\/v2\/media\/33948"}],"wp:attachment":[{"href":"https:\/\/cnctulua.tv\/index.php?rest_route=%2Fwp%2Fv2%2Fmedia&parent=33947"}],"wp:term":[{"taxonomy":"category","embeddable":true,"href":"https:\/\/cnctulua.tv\/index.php?rest_route=%2Fwp%2Fv2%2Fcategories&post=33947"},{"taxonomy":"post_tag","embeddable":true,"href":"https:\/\/cnctulua.tv\/index.php?rest_route=%2Fwp%2Fv2%2Ftags&post=33947"}],"curies":[{"name":"wp","href":"https:\/\/api.w.org\/{rel}","templated":true}]}}