{"id":33950,"date":"2025-05-08T19:39:12","date_gmt":"2025-05-08T19:39:12","guid":{"rendered":"https:\/\/cnctulua.tv\/?p=33950"},"modified":"2025-05-08T19:39:12","modified_gmt":"2025-05-08T19:39:12","slug":"bugalagrande-revive-sus-historias-con-la-fundacion-yanay-los-abuelos-vuelven-a-contar","status":"publish","type":"post","link":"https:\/\/cnctulua.tv\/?p=33950","title":{"rendered":"Bugalagrande REVIVE SUS HISTORIAS CON LA FUNDACI\u00d3N YANAY: los abuelos vuelven a contar"},"content":{"rendered":"\n<p>Este viernes 9 de mayo, Bugalagrande vivir\u00e1 una jornada llena de historias, emociones y recuerdos con el evento \u00abLos Abuelos Cuentan: En el Tiempo, Los Obreros Cuentan &#8211; Versi\u00f3n 2\u00bb. El auditorio de la estaci\u00f3n del ferrocarril ser\u00e1 el escenario en el que los abuelos de nuestra comunidad compartir\u00e1n sus relatos, cuentos, leyendas y mitos, los cuales siguen siendo una valiosa fuente de sabidur\u00eda para todos los bugalagrande\u00f1os.<\/p>\n\n\n\n<p>Alba Luc\u00eda Z\u00fa\u00f1iga, organizadora del evento, destac\u00f3 la importancia de esta segunda versi\u00f3n, se\u00f1alando que, aunque el evento repite la f\u00f3rmula de la edici\u00f3n anterior, en esta oportunidad se podr\u00e1n escuchar relatos de abuelos a\u00fan m\u00e1s longevos, con edades que superan los 90 y 100 a\u00f1os, pero con una lucidez y emoci\u00f3n que revitalizan la historia de nuestro pueblo. \u00abCuando un abuelo cuenta, todo un pueblo recuerda\u00bb, afirm\u00f3 Z\u00fa\u00f1iga, resaltando que el objetivo principal es mantener vivas las tradiciones orales y culturales que forman parte del legado de Bugalagrande.<\/p>\n\n\n\n<figure class=\"wp-block-embed is-type-video is-provider-youtube wp-block-embed-youtube wp-embed-aspect-16-9 wp-has-aspect-ratio\"><div class=\"wp-block-embed__wrapper\">\n<iframe loading=\"lazy\" title=\"Los abuelos de Bugalagrande cuentan sus historias: un evento para conectar generaciones\" width=\"640\" height=\"360\" src=\"https:\/\/www.youtube.com\/embed\/PscfDOqizNI?feature=oembed\" frameborder=\"0\" allow=\"accelerometer; autoplay; clipboard-write; encrypted-media; gyroscope; picture-in-picture; web-share\" referrerpolicy=\"strict-origin-when-cross-origin\" allowfullscreen><\/iframe>\n<\/div><\/figure>\n\n\n\n<p>El evento se llevar\u00e1 a cabo a partir de las 8:00 a.m. y es completamente gratuito. Los asistentes podr\u00e1n disfrutar de relatos llenos de nostalgia y sabidur\u00eda, contados por abuelos que, aunque han vivido m\u00e1s de un siglo, siguen con una energ\u00eda impresionante. \u00abLa emoci\u00f3n en sus rostros es indescriptible cuando nos cuentan sus historias. Es una alegr\u00eda inmensa ver c\u00f3mo reviven esos momentos, y eso es lo que queremos resaltar\u00bb, agreg\u00f3 Z\u00fa\u00f1iga.<\/p>\n\n\n\n<p>Adem\u00e1s de los relatos, el evento contar\u00e1 con una menci\u00f3n honor\u00edfica para los abuelos participantes, quienes recibir\u00e1n un recordatorio por su invaluable aporte a la cultura local. Los ni\u00f1os de la escuela del Instituto Salazar, sede Camilo Torres, tambi\u00e9n participar\u00e1n en el acto, cantando canciones que evocar\u00e1n la nostalgia de tiempos pasados.<\/p>\n\n\n\n<p>El mensaje de Z\u00fa\u00f1iga para las nuevas generaciones es claro: \u00abA los nietos y a los hijos les pido que den a sus abuelos la importancia que merecen. No los dejen en una habitaci\u00f3n, enfrente de un televisor. Ellos tienen tanto que ense\u00f1ar, que sus historias no se pierdan. Hablemos con ellos, escuchemos sus relatos, porque es as\u00ed como mantenemos vivas nuestras ra\u00edces.\u00bb<\/p>\n\n\n\n<p>La invitaci\u00f3n est\u00e1 abierta para todos los Bugalagrande\u00f1os. Este viernes 9 de mayo, el auditorio de la estaci\u00f3n del ferrocarril ser\u00e1 el punto de encuentro para escuchar las voces de nuestros abuelos, esas voces que siguen resonando con fuerza en los corazones de nuestra comunidad.<\/p>\n\n\n\n<figure class=\"wp-block-video\"><\/figure>\n","protected":false},"excerpt":{"rendered":"<p>Este viernes 9 de mayo, Bugalagrande vivir\u00e1 una jornada llena de historias, emociones y recuerdos con el evento \u00abLos Abuelos Cuentan: En el Tiempo, Los Obreros Cuentan &#8211; Versi\u00f3n 2\u00bb. El auditorio de la estaci\u00f3n del ferrocarril ser\u00e1 el escenario en el que los abuelos de nuestra comunidad compartir\u00e1n sus relatos, cuentos, leyendas y mitos, [&hellip;]<\/p>\n","protected":false},"author":3,"featured_media":33951,"comment_status":"open","ping_status":"open","sticky":false,"template":"","format":"video","meta":{"footnotes":""},"categories":[10],"tags":[],"class_list":["post-33950","post","type-post","status-publish","format-video","has-post-thumbnail","hentry","category-cnc-noticias-tulua","post_format-post-format-video"],"_links":{"self":[{"href":"https:\/\/cnctulua.tv\/index.php?rest_route=\/wp\/v2\/posts\/33950","targetHints":{"allow":["GET"]}}],"collection":[{"href":"https:\/\/cnctulua.tv\/index.php?rest_route=\/wp\/v2\/posts"}],"about":[{"href":"https:\/\/cnctulua.tv\/index.php?rest_route=\/wp\/v2\/types\/post"}],"author":[{"embeddable":true,"href":"https:\/\/cnctulua.tv\/index.php?rest_route=\/wp\/v2\/users\/3"}],"replies":[{"embeddable":true,"href":"https:\/\/cnctulua.tv\/index.php?rest_route=%2Fwp%2Fv2%2Fcomments&post=33950"}],"version-history":[{"count":1,"href":"https:\/\/cnctulua.tv\/index.php?rest_route=\/wp\/v2\/posts\/33950\/revisions"}],"predecessor-version":[{"id":33952,"href":"https:\/\/cnctulua.tv\/index.php?rest_route=\/wp\/v2\/posts\/33950\/revisions\/33952"}],"wp:featuredmedia":[{"embeddable":true,"href":"https:\/\/cnctulua.tv\/index.php?rest_route=\/wp\/v2\/media\/33951"}],"wp:attachment":[{"href":"https:\/\/cnctulua.tv\/index.php?rest_route=%2Fwp%2Fv2%2Fmedia&parent=33950"}],"wp:term":[{"taxonomy":"category","embeddable":true,"href":"https:\/\/cnctulua.tv\/index.php?rest_route=%2Fwp%2Fv2%2Fcategories&post=33950"},{"taxonomy":"post_tag","embeddable":true,"href":"https:\/\/cnctulua.tv\/index.php?rest_route=%2Fwp%2Fv2%2Ftags&post=33950"}],"curies":[{"name":"wp","href":"https:\/\/api.w.org\/{rel}","templated":true}]}}