{"id":33953,"date":"2025-05-08T19:42:34","date_gmt":"2025-05-08T19:42:34","guid":{"rendered":"https:\/\/cnctulua.tv\/?p=33953"},"modified":"2025-05-08T19:42:34","modified_gmt":"2025-05-08T19:42:34","slug":"puede-una-ambulancia-ser-usada-para-reclutar-menores-alias-gustavo-lo-hacia-en-trujillo-segun-la-policia","status":"publish","type":"post","link":"https:\/\/cnctulua.tv\/?p=33953","title":{"rendered":"\u00bfPuede una ambulancia ser usada para reclutar menores? Alias \u2018Gustavo\u2019 lo hac\u00eda en Trujillo, seg\u00fan la Polic\u00eda"},"content":{"rendered":"\n<p>En una operaci\u00f3n conjunta entre la Polic\u00eda del Valle, unidades de inteligencia y el apoyo de la Gobernaci\u00f3n departamental, fueron capturados siete presuntos integrantes del Clan del Golfo, entre ellos tres cabecillas clave que lideraban actividades delictivas en varios municipios del norte del Valle del Cauca.<\/p>\n\n\n\n<p>Uno de los capturados fue identificado como alias \u2018Gustavo\u2019, quien, seg\u00fan las autoridades, utilizaba una ambulancia del municipio de Trujillo como fachada para reclutar menores de edad. El detenido tambi\u00e9n estar\u00eda vinculado a extorsiones contra comerciantes y caficultores en Trujillo y Riofr\u00edo, lo que lo convierte en una figura central dentro de la estructura criminal.<\/p>\n\n\n\n<figure class=\"wp-block-embed is-type-video is-provider-youtube wp-block-embed-youtube wp-embed-aspect-16-9 wp-has-aspect-ratio\"><div class=\"wp-block-embed__wrapper\">\n<iframe loading=\"lazy\" title=\"\ud83d\udea8 Golpe al Clan del Golfo: Alias \u2018Gustavo\u2019 y otros cabecillas capturados en el Valle del Cauca\" width=\"640\" height=\"360\" src=\"https:\/\/www.youtube.com\/embed\/pHdHVQPkyz0?feature=oembed\" frameborder=\"0\" allow=\"accelerometer; autoplay; clipboard-write; encrypted-media; gyroscope; picture-in-picture; web-share\" referrerpolicy=\"strict-origin-when-cross-origin\" allowfullscreen><\/iframe>\n<\/div><\/figure>\n\n\n\n<p>Junto a \u00e9l fueron capturados alias \u2018Paul\u2019 y alias \u2018Ronald\u2019, se\u00f1alados de coordinar acciones de microtr\u00e1fico, narcotr\u00e1fico y extorsi\u00f3n en \u00e1reas rurales de Bol\u00edvar y Roldanillo. Durante el operativo se incautaron armas de corto y largo alcance, munici\u00f3n y prendas de uso privativo de las fuerzas militares, lo que evidencia el nivel de organizaci\u00f3n de este grupo.<\/p>\n\n\n\n<p>La Coronel Sandra Liliana Rodr\u00edguez, comandante de la Polic\u00eda Valle, explic\u00f3 que la operaci\u00f3n forma parte de una ofensiva m\u00e1s amplia que busca debilitar la capacidad operativa del Clan del Golfo, especialmente tras los recientes ataques relacionados con el denominado \u2018plan pistola\u2019. Las capturas representan un avance significativo en la estrategia de seguridad para recuperar el control de los territorios afectados por el accionar del grupo armado ilegal.<\/p>\n\n\n\n<p>Las autoridades han se\u00f1alado que con estas detenciones se espera mejorar las condiciones de seguridad en la zona, reducir los niveles de extorsi\u00f3n y garantizar corredores seguros para comerciantes, transportadores y agricultores, principales v\u00edctimas de estas estructuras. El operativo se enmarca en una estrategia integral del Gobierno departamental y la Fuerza P\u00fablica para contener el avance de organizaciones criminales y proteger a las comunidades m\u00e1s vulnerables del Valle del Cauca.<\/p>\n\n\n\n<figure class=\"wp-block-video\"><\/figure>\n","protected":false},"excerpt":{"rendered":"<p>En una operaci\u00f3n conjunta entre la Polic\u00eda del Valle, unidades de inteligencia y el apoyo de la Gobernaci\u00f3n departamental, fueron capturados siete presuntos integrantes del Clan del Golfo, entre ellos tres cabecillas clave que lideraban actividades delictivas en varios municipios del norte del Valle del Cauca. Uno de los capturados fue identificado como alias \u2018Gustavo\u2019, [&hellip;]<\/p>\n","protected":false},"author":3,"featured_media":33954,"comment_status":"open","ping_status":"open","sticky":false,"template":"","format":"video","meta":{"footnotes":""},"categories":[10],"tags":[],"class_list":["post-33953","post","type-post","status-publish","format-video","has-post-thumbnail","hentry","category-cnc-noticias-tulua","post_format-post-format-video"],"_links":{"self":[{"href":"https:\/\/cnctulua.tv\/index.php?rest_route=\/wp\/v2\/posts\/33953","targetHints":{"allow":["GET"]}}],"collection":[{"href":"https:\/\/cnctulua.tv\/index.php?rest_route=\/wp\/v2\/posts"}],"about":[{"href":"https:\/\/cnctulua.tv\/index.php?rest_route=\/wp\/v2\/types\/post"}],"author":[{"embeddable":true,"href":"https:\/\/cnctulua.tv\/index.php?rest_route=\/wp\/v2\/users\/3"}],"replies":[{"embeddable":true,"href":"https:\/\/cnctulua.tv\/index.php?rest_route=%2Fwp%2Fv2%2Fcomments&post=33953"}],"version-history":[{"count":1,"href":"https:\/\/cnctulua.tv\/index.php?rest_route=\/wp\/v2\/posts\/33953\/revisions"}],"predecessor-version":[{"id":33955,"href":"https:\/\/cnctulua.tv\/index.php?rest_route=\/wp\/v2\/posts\/33953\/revisions\/33955"}],"wp:featuredmedia":[{"embeddable":true,"href":"https:\/\/cnctulua.tv\/index.php?rest_route=\/wp\/v2\/media\/33954"}],"wp:attachment":[{"href":"https:\/\/cnctulua.tv\/index.php?rest_route=%2Fwp%2Fv2%2Fmedia&parent=33953"}],"wp:term":[{"taxonomy":"category","embeddable":true,"href":"https:\/\/cnctulua.tv\/index.php?rest_route=%2Fwp%2Fv2%2Fcategories&post=33953"},{"taxonomy":"post_tag","embeddable":true,"href":"https:\/\/cnctulua.tv\/index.php?rest_route=%2Fwp%2Fv2%2Ftags&post=33953"}],"curies":[{"name":"wp","href":"https:\/\/api.w.org\/{rel}","templated":true}]}}