{"id":33956,"date":"2025-05-08T19:46:21","date_gmt":"2025-05-08T19:46:21","guid":{"rendered":"https:\/\/cnctulua.tv\/?p=33956"},"modified":"2025-05-08T19:46:21","modified_gmt":"2025-05-08T19:46:21","slug":"leon-xiv-el-primer-papa-estadounidense-hace-un-llamado-a-la-unidad-desde-el-vaticano","status":"publish","type":"post","link":"https:\/\/cnctulua.tv\/?p=33956","title":{"rendered":"Le\u00f3n XIV, el primer papa estadounidense, hace un llamado a la unidad desde el Vaticano"},"content":{"rendered":"\n<p>La Iglesia Cat\u00f3lica vive un momento hist\u00f3rico con la elecci\u00f3n de Le\u00f3n XIV como nuevo Papa, el 267\u00ba de la historia. Este jueves, la tradicional fumata blanca apareci\u00f3 sobre la Capilla Sixtina, confirmando la elecci\u00f3n del cardenal Robert Prevost, quien asumi\u00f3 el nombre de Le\u00f3n XIV. Con esta elecci\u00f3n, se marca un hito en la historia, ya que es el primer Papa estadounidense en la historia de la Iglesia.<\/p>\n\n\n\n<p>La fumata blanca, que indica el consenso de los cardenales reunidos en c\u00f3nclave, fue seguida por miles de fieles que aguardaban el anuncio del nuevo l\u00edder espiritual de m\u00e1s de 1.300 millones de cat\u00f3licos en todo el mundo. Cuando el cardenal protodi\u00e1cono anunci\u00f3 el esperado Habemus Papam, una gran ovaci\u00f3n estall\u00f3 en la Plaza de San Pedro.<\/p>\n\n\n\n<figure class=\"wp-block-embed is-type-video is-provider-youtube wp-block-embed-youtube wp-embed-aspect-16-9 wp-has-aspect-ratio\"><div class=\"wp-block-embed__wrapper\">\n<iframe loading=\"lazy\" title=\"Le\u00f3n XIV: El Papa estadounidense que busca construir puentes | La historia de la fumata blanca 2025\" width=\"640\" height=\"360\" src=\"https:\/\/www.youtube.com\/embed\/LyYkvbPqwgg?feature=oembed\" frameborder=\"0\" allow=\"accelerometer; autoplay; clipboard-write; encrypted-media; gyroscope; picture-in-picture; web-share\" referrerpolicy=\"strict-origin-when-cross-origin\" allowfullscreen><\/iframe>\n<\/div><\/figure>\n\n\n\n<p>Le\u00f3n XIV, con 69 a\u00f1os, es miembro de la Orden de San Agust\u00edn y ha dedicado gran parte de su vida pastoral a las comunidades de Per\u00fa, donde su trabajo se ha centrado en la atenci\u00f3n a los m\u00e1s necesitados y en promover la justicia social. Su elecci\u00f3n refleja un cambio no solo en la geograf\u00eda del papado, sino tambi\u00e9n en una apertura hacia realidades globales y diversas.<\/p>\n\n\n\n<p>Al salir al balc\u00f3n central de la Bas\u00edlica de San Pedro, Le\u00f3n XIV dirigi\u00f3 su primer mensaje al mundo. Con una voz serena y firme, pidi\u00f3 a los fieles que se unieran en la construcci\u00f3n de puentes:<\/p>\n\n\n\n<p>\u201cAyudadnos a construir puentes\u201d, expres\u00f3, en un llamado a la unidad entre los cristianos y a la reconciliaci\u00f3n entre las diferentes culturas y religiones.<\/p>\n\n\n\n<p>Con su elecci\u00f3n, la Iglesia Cat\u00f3lica parece dar un paso hacia un papado m\u00e1s inclusivo, cercano a los desaf\u00edos del mundo actual, pero con una fuerte base en los principios tradicionales del cristianismo. La elecci\u00f3n del nombre Le\u00f3n XIV hace referencia a Le\u00f3n XIII, quien impuls\u00f3 la doctrina social de la Iglesia, lo que sugiere que el nuevo Papa podr\u00eda seguir una l\u00ednea de trabajo similar, enfocada en los temas sociales y en el bienestar de los m\u00e1s desfavorecidos.<\/p>\n\n\n\n<p>La noticia de su elecci\u00f3n ha generado reacciones inmediatas a nivel mundial. L\u00edderes religiosos, pol\u00edticos y ciudadanos han expresado sus felicitaciones, destacando el perfil de Le\u00f3n XIV como un hombre de experiencia pastoral y compromiso social.<\/p>\n\n\n\n<p>Con su pontificado, Le\u00f3n XIV promete un enfoque m\u00e1s global para la Iglesia, impulsando la unidad y el di\u00e1logo entre las diversas comunidades del mundo. Ahora, el Vaticano abre una nueva etapa bajo el liderazgo de un Papa que, con su profundo sentido de misi\u00f3n, busca construir puentes de entendimiento y reconciliaci\u00f3n en tiempos de retos y divisiones globales.<\/p>\n\n\n\n<figure class=\"wp-block-video\"><\/figure>\n","protected":false},"excerpt":{"rendered":"<p>La Iglesia Cat\u00f3lica vive un momento hist\u00f3rico con la elecci\u00f3n de Le\u00f3n XIV como nuevo Papa, el 267\u00ba de la historia. Este jueves, la tradicional fumata blanca apareci\u00f3 sobre la Capilla Sixtina, confirmando la elecci\u00f3n del cardenal Robert Prevost, quien asumi\u00f3 el nombre de Le\u00f3n XIV. Con esta elecci\u00f3n, se marca un hito en la [&hellip;]<\/p>\n","protected":false},"author":3,"featured_media":33957,"comment_status":"open","ping_status":"open","sticky":false,"template":"","format":"video","meta":{"footnotes":""},"categories":[10],"tags":[],"class_list":["post-33956","post","type-post","status-publish","format-video","has-post-thumbnail","hentry","category-cnc-noticias-tulua","post_format-post-format-video"],"_links":{"self":[{"href":"https:\/\/cnctulua.tv\/index.php?rest_route=\/wp\/v2\/posts\/33956","targetHints":{"allow":["GET"]}}],"collection":[{"href":"https:\/\/cnctulua.tv\/index.php?rest_route=\/wp\/v2\/posts"}],"about":[{"href":"https:\/\/cnctulua.tv\/index.php?rest_route=\/wp\/v2\/types\/post"}],"author":[{"embeddable":true,"href":"https:\/\/cnctulua.tv\/index.php?rest_route=\/wp\/v2\/users\/3"}],"replies":[{"embeddable":true,"href":"https:\/\/cnctulua.tv\/index.php?rest_route=%2Fwp%2Fv2%2Fcomments&post=33956"}],"version-history":[{"count":1,"href":"https:\/\/cnctulua.tv\/index.php?rest_route=\/wp\/v2\/posts\/33956\/revisions"}],"predecessor-version":[{"id":33958,"href":"https:\/\/cnctulua.tv\/index.php?rest_route=\/wp\/v2\/posts\/33956\/revisions\/33958"}],"wp:featuredmedia":[{"embeddable":true,"href":"https:\/\/cnctulua.tv\/index.php?rest_route=\/wp\/v2\/media\/33957"}],"wp:attachment":[{"href":"https:\/\/cnctulua.tv\/index.php?rest_route=%2Fwp%2Fv2%2Fmedia&parent=33956"}],"wp:term":[{"taxonomy":"category","embeddable":true,"href":"https:\/\/cnctulua.tv\/index.php?rest_route=%2Fwp%2Fv2%2Fcategories&post=33956"},{"taxonomy":"post_tag","embeddable":true,"href":"https:\/\/cnctulua.tv\/index.php?rest_route=%2Fwp%2Fv2%2Ftags&post=33956"}],"curies":[{"name":"wp","href":"https:\/\/api.w.org\/{rel}","templated":true}]}}