{"id":33959,"date":"2025-05-08T19:49:14","date_gmt":"2025-05-08T19:49:14","guid":{"rendered":"https:\/\/cnctulua.tv\/?p=33959"},"modified":"2025-05-08T19:49:14","modified_gmt":"2025-05-08T19:49:14","slug":"tecnologia-inmersiva-puede-el-laboratorio-de-realidad-virtual-mejorar-la-preparacion-de-los-cadetes-ante-los-retos-del-sector-aeroespacial","status":"publish","type":"post","link":"https:\/\/cnctulua.tv\/?p=33959","title":{"rendered":"TECNOLOG\u00cdA INMERSIVA: \u00bfPuede el laboratorio de realidad virtual mejorar la preparaci\u00f3n de los cadetes ante los retos del sector aeroespacial?"},"content":{"rendered":"\n<p>Con el objetivo de fortalecer las competencias t\u00e9cnicas de sus futuros oficiales y adaptarse a las exigencias del entorno aeroespacial moderno, la Escuela Militar de Aviaci\u00f3n Marco Fidel Su\u00e1rez (EMAVI) ha inaugurado un nuevo laboratorio de realidad virtual. Este espacio busca integrar herramientas tecnol\u00f3gicas de \u00faltima generaci\u00f3n a los procesos formativos, posicionando a la instituci\u00f3n en una ruta de innovaci\u00f3n educativa.<\/p>\n\n\n\n<figure class=\"wp-block-image size-large\"><img loading=\"lazy\" decoding=\"async\" width=\"1024\" height=\"683\" src=\"https:\/\/cnctulua.tv\/wp-content\/uploads\/2025\/05\/WhatsApp-Image-2025-05-08-at-8.19.37-AM-4-1024x683.jpeg\" alt=\"\" class=\"wp-image-33961\" srcset=\"https:\/\/cnctulua.tv\/wp-content\/uploads\/2025\/05\/WhatsApp-Image-2025-05-08-at-8.19.37-AM-4-1024x683.jpeg 1024w, https:\/\/cnctulua.tv\/wp-content\/uploads\/2025\/05\/WhatsApp-Image-2025-05-08-at-8.19.37-AM-4-300x200.jpeg 300w, https:\/\/cnctulua.tv\/wp-content\/uploads\/2025\/05\/WhatsApp-Image-2025-05-08-at-8.19.37-AM-4-768x512.jpeg 768w, https:\/\/cnctulua.tv\/wp-content\/uploads\/2025\/05\/WhatsApp-Image-2025-05-08-at-8.19.37-AM-4-1536x1024.jpeg 1536w, https:\/\/cnctulua.tv\/wp-content\/uploads\/2025\/05\/WhatsApp-Image-2025-05-08-at-8.19.37-AM-4-2048x1366.jpeg 2048w\" sizes=\"auto, (max-width: 1024px) 100vw, 1024px\" \/><\/figure>\n\n\n\n<p>El laboratorio incorpora sistemas de inteligencia artificial, realidad mixta, aumentada y extendida, estaciones de programaci\u00f3n rob\u00f3tica, c\u00e1maras 360\u00b0, computaci\u00f3n en la nube, simuladores de servidores, gafas de realidad virtual \u2014incluidas las Apple Vision Pro\u2014 y cabinas de simulaci\u00f3n de vuelo. Estas tecnolog\u00edas permitir\u00e1n a cadetes, alf\u00e9reces, oficiales y suboficiales enfrentarse a contextos complejos de entrenamiento sin salir del aula, mediante experiencias inmersivas que simulan condiciones reales.<\/p>\n\n\n\n<figure class=\"wp-block-embed is-type-video is-provider-youtube wp-block-embed-youtube wp-embed-aspect-16-9 wp-has-aspect-ratio\"><div class=\"wp-block-embed__wrapper\">\n<iframe loading=\"lazy\" title=\"\u00bfC\u00f3mo Est\u00e1 Transformando la Realidad Virtual la Formaci\u00f3n de los Oficiales en EMAVI? \ud83c\udfae\u2708\ufe0f\" width=\"640\" height=\"360\" src=\"https:\/\/www.youtube.com\/embed\/25qOFbhclXo?feature=oembed\" frameborder=\"0\" allow=\"accelerometer; autoplay; clipboard-write; encrypted-media; gyroscope; picture-in-picture; web-share\" referrerpolicy=\"strict-origin-when-cross-origin\" allowfullscreen><\/iframe>\n<\/div><\/figure>\n\n\n\n<p>Adem\u00e1s de facilitar entrenamientos t\u00e1cticos y operativos, el laboratorio tambi\u00e9n ampl\u00eda las posibilidades de formaci\u00f3n multidisciplinaria. Por ejemplo, se utilizar\u00e1n entornos virtuales para la ense\u00f1anza de m\u00e1s de 30 idiomas, dise\u00f1o de prototipos 3D a trav\u00e9s de herramientas como Gravity Sketch y desarrollo de proyectos de investigaci\u00f3n en \u00e1reas clave como la ingenier\u00eda, la programaci\u00f3n y la simulaci\u00f3n aeroespacial.<\/p>\n\n\n\n<p>La orientaci\u00f3n dentro del laboratorio estar\u00e1 apoyada por Sky Lab, una asistente virtual dise\u00f1ada para guiar a los usuarios en el aprovechamiento de cada recurso disponible, permitiendo que el entorno tecnol\u00f3gico sea accesible y funcional para toda la comunidad acad\u00e9mica de EMAVI.<\/p>\n\n\n\n<figure class=\"wp-block-image size-large\"><img loading=\"lazy\" decoding=\"async\" width=\"1024\" height=\"683\" src=\"https:\/\/cnctulua.tv\/wp-content\/uploads\/2025\/05\/WhatsApp-Image-2025-05-08-at-8.19.38-AM-1024x683.jpeg\" alt=\"\" class=\"wp-image-33962\" srcset=\"https:\/\/cnctulua.tv\/wp-content\/uploads\/2025\/05\/WhatsApp-Image-2025-05-08-at-8.19.38-AM-1024x683.jpeg 1024w, https:\/\/cnctulua.tv\/wp-content\/uploads\/2025\/05\/WhatsApp-Image-2025-05-08-at-8.19.38-AM-300x200.jpeg 300w, https:\/\/cnctulua.tv\/wp-content\/uploads\/2025\/05\/WhatsApp-Image-2025-05-08-at-8.19.38-AM-768x512.jpeg 768w, https:\/\/cnctulua.tv\/wp-content\/uploads\/2025\/05\/WhatsApp-Image-2025-05-08-at-8.19.38-AM-1536x1024.jpeg 1536w, https:\/\/cnctulua.tv\/wp-content\/uploads\/2025\/05\/WhatsApp-Image-2025-05-08-at-8.19.38-AM-2048x1366.jpeg 2048w\" sizes=\"auto, (max-width: 1024px) 100vw, 1024px\" \/><\/figure>\n\n\n\n<p>Esta iniciativa fue liderada por el Programa de Ingenier\u00eda Inform\u00e1tica de la instituci\u00f3n, que ha trabajado para integrar herramientas digitales de alto nivel con estrategias pedag\u00f3gicas actualizadas. M\u00e1s all\u00e1 del avance tecnol\u00f3gico, la implementaci\u00f3n del laboratorio representa un esfuerzo por fomentar el pensamiento cr\u00edtico, la innovaci\u00f3n y la adaptabilidad, competencias esenciales en la formaci\u00f3n de personal militar en la actualidad.<\/p>\n\n\n\n<p>Con esta apuesta, la EMAVI se suma a la tendencia global de transformaci\u00f3n educativa mediante tecnolog\u00eda, promoviendo entornos de aprendizaje m\u00e1s din\u00e1micos, seguros y pertinentes para enfrentar los desaf\u00edos operativos del presente y del futuro.<\/p>\n\n\n\n<figure class=\"wp-block-video\"><\/figure>\n","protected":false},"excerpt":{"rendered":"<p>Con el objetivo de fortalecer las competencias t\u00e9cnicas de sus futuros oficiales y adaptarse a las exigencias del entorno aeroespacial moderno, la Escuela Militar de Aviaci\u00f3n Marco Fidel Su\u00e1rez (EMAVI) ha inaugurado un nuevo laboratorio de realidad virtual. Este espacio busca integrar herramientas tecnol\u00f3gicas de \u00faltima generaci\u00f3n a los procesos formativos, posicionando a la instituci\u00f3n [&hellip;]<\/p>\n","protected":false},"author":3,"featured_media":33960,"comment_status":"open","ping_status":"open","sticky":false,"template":"","format":"video","meta":{"footnotes":""},"categories":[10],"tags":[],"class_list":["post-33959","post","type-post","status-publish","format-video","has-post-thumbnail","hentry","category-cnc-noticias-tulua","post_format-post-format-video"],"_links":{"self":[{"href":"https:\/\/cnctulua.tv\/index.php?rest_route=\/wp\/v2\/posts\/33959","targetHints":{"allow":["GET"]}}],"collection":[{"href":"https:\/\/cnctulua.tv\/index.php?rest_route=\/wp\/v2\/posts"}],"about":[{"href":"https:\/\/cnctulua.tv\/index.php?rest_route=\/wp\/v2\/types\/post"}],"author":[{"embeddable":true,"href":"https:\/\/cnctulua.tv\/index.php?rest_route=\/wp\/v2\/users\/3"}],"replies":[{"embeddable":true,"href":"https:\/\/cnctulua.tv\/index.php?rest_route=%2Fwp%2Fv2%2Fcomments&post=33959"}],"version-history":[{"count":1,"href":"https:\/\/cnctulua.tv\/index.php?rest_route=\/wp\/v2\/posts\/33959\/revisions"}],"predecessor-version":[{"id":33963,"href":"https:\/\/cnctulua.tv\/index.php?rest_route=\/wp\/v2\/posts\/33959\/revisions\/33963"}],"wp:featuredmedia":[{"embeddable":true,"href":"https:\/\/cnctulua.tv\/index.php?rest_route=\/wp\/v2\/media\/33960"}],"wp:attachment":[{"href":"https:\/\/cnctulua.tv\/index.php?rest_route=%2Fwp%2Fv2%2Fmedia&parent=33959"}],"wp:term":[{"taxonomy":"category","embeddable":true,"href":"https:\/\/cnctulua.tv\/index.php?rest_route=%2Fwp%2Fv2%2Fcategories&post=33959"},{"taxonomy":"post_tag","embeddable":true,"href":"https:\/\/cnctulua.tv\/index.php?rest_route=%2Fwp%2Fv2%2Ftags&post=33959"}],"curies":[{"name":"wp","href":"https:\/\/api.w.org\/{rel}","templated":true}]}}