{"id":33970,"date":"2025-05-10T14:42:02","date_gmt":"2025-05-10T14:42:02","guid":{"rendered":"https:\/\/cnctulua.tv\/?p=33970"},"modified":"2025-05-10T14:42:02","modified_gmt":"2025-05-10T14:42:02","slug":"terror-en-universidad-de-palmira-dos-mujeres-heridas-y-agresor-muerto-tras-ataque-armado-en-pleno-horario-academico","status":"publish","type":"post","link":"https:\/\/cnctulua.tv\/?p=33970","title":{"rendered":"TERROR EN UNIVERSIDAD DE PALMIRA: dos mujeres heridas y agresor muerto tras ataque armado en pleno horario acad\u00e9mico"},"content":{"rendered":"\n<p>Un suceso ocurri\u00f3 el pasado jueves en la ciudad de Palmira, cuando un ataque armado en el interior de una universidad dej\u00f3 a dos mujeres gravemente heridas y al agresor muerto tras autolesionarse. El incidente, que ha conmocionado a la comunidad local, ocurri\u00f3 en pleno horario acad\u00e9mico, generando temor entre los estudiantes y trabajadores del lugar.<\/p>\n\n\n\n<figure class=\"wp-block-embed is-type-video is-provider-youtube wp-block-embed-youtube wp-embed-aspect-16-9 wp-has-aspect-ratio\"><div class=\"wp-block-embed__wrapper\">\n<iframe loading=\"lazy\" title=\"Ataque armado en Palmira deja dos mujeres heridas y un hombre muerto | \u00bfC\u00f3mo prevenir estos casos?\" width=\"640\" height=\"360\" src=\"https:\/\/www.youtube.com\/embed\/SHy-YdwfCm8?feature=oembed\" frameborder=\"0\" allow=\"accelerometer; autoplay; clipboard-write; encrypted-media; gyroscope; picture-in-picture; web-share\" referrerpolicy=\"strict-origin-when-cross-origin\" allowfullscreen><\/iframe>\n<\/div><\/figure>\n\n\n\n<p>Las dos mujeres heridas fueron trasladadas a un centro asistencial en donde se encuentran en estado reservado, seg\u00fan informaron las autoridades. El agresor, despu\u00e9s de disparar a las v\u00edctimas, se autoinfligi\u00f3 heridas que lo llevaron a la muerte en el hospital. Aunque los detalles del ataque a\u00fan est\u00e1n siendo investigados, las primeras hip\u00f3tesis apuntan a que el hecho fue un caso aislado de violencia extrema.<\/p>\n\n\n\n<figure class=\"wp-block-image size-full\"><img loading=\"lazy\" decoding=\"async\" width=\"650\" height=\"488\" src=\"https:\/\/cnctulua.tv\/wp-content\/uploads\/2025\/05\/KPUZRNLX45ERRGW2ZRAOWJUBKA.avif\" alt=\"\" class=\"wp-image-33971\" srcset=\"https:\/\/cnctulua.tv\/wp-content\/uploads\/2025\/05\/KPUZRNLX45ERRGW2ZRAOWJUBKA.avif 650w, https:\/\/cnctulua.tv\/wp-content\/uploads\/2025\/05\/KPUZRNLX45ERRGW2ZRAOWJUBKA-300x225.avif 300w\" sizes=\"auto, (max-width: 650px) 100vw, 650px\" \/><\/figure>\n\n\n\n<p>La coronel Sandra Liliana Rodr\u00edguez Castro, comandante del Departamento de Polic\u00eda Valle, se pronunci\u00f3 sobre el incidente, destacando la importancia de prevenir este tipo de situaciones. \u201cEs fundamental que todos estemos atentos y actuemos de inmediato ante cualquier se\u00f1al de violencia. Este es un mes para proteger a las mujeres y evitar que m\u00e1s familias sufran consecuencias como las que hoy nos afectan\u201d, expres\u00f3 la oficial.<\/p>\n\n\n\n<p>La Coronel Sandra Liliana Rodr\u00edguez Castro Rodr\u00edguez Castro tambi\u00e9n inst\u00f3 a la ciudadan\u00eda a denunciar cualquier situaci\u00f3n de riesgo a trav\u00e9s de la l\u00ednea 155 de la Polic\u00eda Nacional, que est\u00e1 disponible para ofrecer orientaci\u00f3n y asistencia inmediata a las v\u00edctimas de violencia. \u201cLa denuncia temprana es clave para prevenir tragedias y proteger a quienes m\u00e1s lo necesitan\u201d, agreg\u00f3.<\/p>\n\n\n\n<p>Las autoridades locales han iniciado las investigaciones pertinentes para esclarecer las circunstancias que llevaron a este ataque. Adem\u00e1s, las fuerzas de seguridad de Palmira han intensificado las acciones de prevenci\u00f3n y patrullaje en la zona, a fin de garantizar la tranquilidad y seguridad de la comunidad.<\/p>\n\n\n\n<p><\/p>\n\n\n\n<figure class=\"wp-block-video\"><\/figure>\n","protected":false},"excerpt":{"rendered":"<p>Un suceso ocurri\u00f3 el pasado jueves en la ciudad de Palmira, cuando un ataque armado en el interior de una universidad dej\u00f3 a dos mujeres gravemente heridas y al agresor muerto tras autolesionarse. El incidente, que ha conmocionado a la comunidad local, ocurri\u00f3 en pleno horario acad\u00e9mico, generando temor entre los estudiantes y trabajadores del [&hellip;]<\/p>\n","protected":false},"author":3,"featured_media":33972,"comment_status":"open","ping_status":"open","sticky":false,"template":"","format":"video","meta":{"footnotes":""},"categories":[10],"tags":[],"class_list":["post-33970","post","type-post","status-publish","format-video","has-post-thumbnail","hentry","category-cnc-noticias-tulua","post_format-post-format-video"],"_links":{"self":[{"href":"https:\/\/cnctulua.tv\/index.php?rest_route=\/wp\/v2\/posts\/33970","targetHints":{"allow":["GET"]}}],"collection":[{"href":"https:\/\/cnctulua.tv\/index.php?rest_route=\/wp\/v2\/posts"}],"about":[{"href":"https:\/\/cnctulua.tv\/index.php?rest_route=\/wp\/v2\/types\/post"}],"author":[{"embeddable":true,"href":"https:\/\/cnctulua.tv\/index.php?rest_route=\/wp\/v2\/users\/3"}],"replies":[{"embeddable":true,"href":"https:\/\/cnctulua.tv\/index.php?rest_route=%2Fwp%2Fv2%2Fcomments&post=33970"}],"version-history":[{"count":1,"href":"https:\/\/cnctulua.tv\/index.php?rest_route=\/wp\/v2\/posts\/33970\/revisions"}],"predecessor-version":[{"id":33973,"href":"https:\/\/cnctulua.tv\/index.php?rest_route=\/wp\/v2\/posts\/33970\/revisions\/33973"}],"wp:featuredmedia":[{"embeddable":true,"href":"https:\/\/cnctulua.tv\/index.php?rest_route=\/wp\/v2\/media\/33972"}],"wp:attachment":[{"href":"https:\/\/cnctulua.tv\/index.php?rest_route=%2Fwp%2Fv2%2Fmedia&parent=33970"}],"wp:term":[{"taxonomy":"category","embeddable":true,"href":"https:\/\/cnctulua.tv\/index.php?rest_route=%2Fwp%2Fv2%2Fcategories&post=33970"},{"taxonomy":"post_tag","embeddable":true,"href":"https:\/\/cnctulua.tv\/index.php?rest_route=%2Fwp%2Fv2%2Ftags&post=33970"}],"curies":[{"name":"wp","href":"https:\/\/api.w.org\/{rel}","templated":true}]}}